{"id":15775,"date":"2016-10-20T11:45:21","date_gmt":"2016-10-20T14:45:21","guid":{"rendered":"https:\/\/www.teatrodelbicentenariosanjuan.org\/?p=15775"},"modified":"2017-01-25T13:56:32","modified_gmt":"2017-01-25T16:56:32","slug":"el-senado-declaro-de-interes-la-apertura-del-teatro-del-bicentenario","status":"publish","type":"post","link":"https:\/\/www.teatrodelbicentenariosanjuan.org\/en\/novedades\/el-senado-declaro-de-interes-la-apertura-del-teatro-del-bicentenario\/","title":{"rendered":"El Senado declar\u00f3 de inter\u00e9s la apertura del Teatro del Bicentenario"},"content":{"rendered":"<p style=\"text-align: justify;\">El proyecto fue presentado por la Senadora por San Juan Marina R\u00edofrio. La iniciativa destaca la construcci\u00f3n y el dise\u00f1o innovador del nuevo teatro, la capacidad integradora de sus actividades culturales y la calidad de sus programas.<\/p>\n<p style=\"text-align: justify;\">Durante la sesi\u00f3n de este mi\u00e9rcoles, el Senado de la Naci\u00f3n declar\u00f3 de inter\u00e9s la apertura del Teatro del Bicentenario, un proyecto de la sanjuanina Marina Riofrio que se sum\u00f3 a otros reconocimientos para la provincia.<\/p>\n<p style=\"text-align: justify;\">\u201cEs muy importante para San Juan contar con el benepl\u00e1cito de la C\u00e1mara Alta a la decisi\u00f3n del Gobierno provincial de impulsar un centro de arte y cultura abierto a todos los g\u00e9neros art\u00edsticos, que tendr\u00e1 la misi\u00f3n de estimular la innovaci\u00f3n y la creaci\u00f3n cultural de vanguardia\u201d expres\u00f3 la legisladora.<\/p>\n<p style=\"text-align: justify;\">En la iniciativa se destaca la construcci\u00f3n y dise\u00f1o innovador del nuevo teatro, la riqueza de su programaci\u00f3n, la capacidad integradora de sus actividades culturales y la calidad de sus programas.<\/p>\n<p style=\"text-align: justify;\"><span style=\"font-size: 12px;\">(Fuente: Diario de Cuyo)<\/span><\/p>","protected":false},"excerpt":{"rendered":"<p>El proyecto fue presentado por la Senadora por San Juan Marina R\u00edofrio. La iniciativa destaca la construcci\u00f3n y el dise\u00f1o innovador del nuevo teatro, la capacidad integradora de sus actividades culturales y la calidad de sus programas. Durante la sesi\u00f3n de este mi\u00e9rcoles, el Senado&#8230;<\/p>","protected":false},"author":1,"featured_media":15776,"comment_status":"closed","ping_status":"closed","sticky":false,"template":"","format":"standard","meta":{"h5ap_radio_sources":[],"footnotes":""},"categories":[99],"tags":[],"class_list":["post-15775","post","type-post","status-publish","format-standard","has-post-thumbnail","hentry","category-novedades"],"_links":{"self":[{"href":"https:\/\/www.teatrodelbicentenariosanjuan.org\/en\/wp-json\/wp\/v2\/posts\/15775","targetHints":{"allow":["GET"]}}],"collection":[{"href":"https:\/\/www.teatrodelbicentenariosanjuan.org\/en\/wp-json\/wp\/v2\/posts"}],"about":[{"href":"https:\/\/www.teatrodelbicentenariosanjuan.org\/en\/wp-json\/wp\/v2\/types\/post"}],"author":[{"embeddable":true,"href":"https:\/\/www.teatrodelbicentenariosanjuan.org\/en\/wp-json\/wp\/v2\/users\/1"}],"replies":[{"embeddable":true,"href":"https:\/\/www.teatrodelbicentenariosanjuan.org\/en\/wp-json\/wp\/v2\/comments?post=15775"}],"version-history":[{"count":1,"href":"https:\/\/www.teatrodelbicentenariosanjuan.org\/en\/wp-json\/wp\/v2\/posts\/15775\/revisions"}],"predecessor-version":[{"id":15777,"href":"https:\/\/www.teatrodelbicentenariosanjuan.org\/en\/wp-json\/wp\/v2\/posts\/15775\/revisions\/15777"}],"wp:featuredmedia":[{"embeddable":true,"href":"https:\/\/www.teatrodelbicentenariosanjuan.org\/en\/wp-json\/wp\/v2\/media\/15776"}],"wp:attachment":[{"href":"https:\/\/www.teatrodelbicentenariosanjuan.org\/en\/wp-json\/wp\/v2\/media?parent=15775"}],"wp:term":[{"taxonomy":"category","embeddable":true,"href":"https:\/\/www.teatrodelbicentenariosanjuan.org\/en\/wp-json\/wp\/v2\/categories?post=15775"},{"taxonomy":"post_tag","embeddable":true,"href":"https:\/\/www.teatrodelbicentenariosanjuan.org\/en\/wp-json\/wp\/v2\/tags?post=15775"}],"curies":[{"name":"wp","href":"https:\/\/api.w.org\/{rel}","templated":true}]}}