{"id":15784,"date":"2016-10-21T11:49:32","date_gmt":"2016-10-21T14:49:32","guid":{"rendered":"https:\/\/www.teatrodelbicentenariosanjuan.org\/?p=15784"},"modified":"2017-01-25T13:57:24","modified_gmt":"2017-01-25T16:57:24","slug":"el-director-de-la-fura-dio-todos-los-detalles-del-espectaculo-con-la-grandeza-de-los-humildes","status":"publish","type":"post","link":"https:\/\/www.teatrodelbicentenariosanjuan.org\/en\/novedades\/el-director-de-la-fura-dio-todos-los-detalles-del-espectaculo-con-la-grandeza-de-los-humildes\/","title":{"rendered":"El director de La Fura dio todos los detalles del espect\u00e1culo, con la grandeza de los humildes"},"content":{"rendered":"<p style=\"text-align: justify;\">Este viernes 21, San Juan vivir\u00e1 un momento hist\u00f3rico con la inauguraci\u00f3n del mejor teatro del interior del pa\u00eds y Carmina Burana es la obra que interpretar\u00e1 la compa\u00f1\u00eda catalana La Fura Dels Baus en la apertura del Teatro del Bicentenario. La Orquesta Sinf\u00f3nica de la Universidad Nacional de San Juan, bajo la direcci\u00f3n de Emmanuel Siffert, y los coros de la Universidad Cat\u00f3lica, Universidad Nacional de San Juan, Coro Beruti y el Coro Villicum dar\u00e1n el marco perfecto para una noche inolvidable. Adem\u00e1s, miles de sanjuaninos y turistas podr\u00e1n disfrutar de un espect\u00e1culo al aire libre que quedar\u00e1 para siempre en la memoria provincial.<\/p>\n<p style=\"text-align: justify;\">La Fura dels Baus es una compa\u00f1\u00eda catalana, dirigida por Carlus Padrissa, que representa excentricidad, innovaci\u00f3n, adaptaci\u00f3n, ritmo, evoluci\u00f3n y transgresi\u00f3n. Esa esencia llev\u00f3 a la compa\u00f1\u00eda a ser pionera en reconceptualizar el espacio y el p\u00fablico.<\/p>\n<p style=\"text-align: justify;\">En la ma\u00f1ana de hoy, el director de la compa\u00f1\u00eda, junto a la ministra de Turismo y Cultura, Claudia Grynszpan y el director general del Teatro del Bicentenario, Eduardo Savastano, presentaron las actividades que se desarrollar\u00e1n para la inauguraci\u00f3n del nuevo polo cultural de la provincia.<\/p>\n<p style=\"text-align: justify;\">Carlus Padrissa, luego de un ritual con agua, explic\u00f3 que la Fura dels Baus, visit\u00f3 Argentina por primera vez en 1984 en la provincia de C\u00f3rdoba, y que llegar a San Juan representa la uni\u00f3n de dos naciones hermanas.<\/p>\n<p style=\"text-align: justify;\">El director catal\u00e1n, elogi\u00f3 a los artistas sanjuaninos y anticip\u00f3 que Carmina Burana ser\u00e1 un espect\u00e1culo sin precedentes en la provincia. La inauguraci\u00f3n marcar\u00e1 un hito en San Juan, ya que habr\u00e1 una funci\u00f3n al aire libre en la Plaza del Bicentenario. \u00c9sta representa la recuperaci\u00f3n de un lugar p\u00fablico y representativo del trabajo y la cultura sanjuanina.<\/p>\n<p style=\"text-align: justify;\">En la Plaza del Bicentenario habr\u00e1 una marioneta c\u00f3smica de 10 metros de altura que interactuar\u00e1 con el p\u00fablico, adem\u00e1s el pulso del bombo, con 60 m\u00fasicos, dar\u00e1 el puntapi\u00e9 para que los sanjuaninos y turistas que llegan a la provincia a presenciar este momento hist\u00f3rico vibren a cada instante.<\/p>\n<p style=\"text-align: justify;\">Habr\u00e1 tambi\u00e9n tres murgas: los Fraternales del Oeste, los Rom\u00e1nticos de Desamparados y los Infernales de G\u00fcemes. Tambi\u00e9n estar\u00e1 presente el teatro a\u00e9reo, con artistas que recorrer\u00e1n m\u00e1s de 300 metros en tirolesa.<\/p>\n<p style=\"text-align: justify;\">En este espacio, que ser\u00e1 para disfrutar de manera libre y gratuita, quienes asistan podr\u00e1n ver en vivo la funci\u00f3n de Carmina Burana ya que se ha previsto la proyecci\u00f3n de la obra en el muro del Teatro.<\/p>\n<p style=\"text-align: justify;\">Carmina Burana, es un espect\u00e1culo que se desarrollar\u00e1 entre acrobacias de los solistas suspendidos en aire o sumergidos en una gran pecera, la vitalidad y la energ\u00eda ser\u00e1n los ejes centrales de la obra. Habr\u00e1 86 m\u00fasicos y un total de 140 coreutas y sus directores en el escenario. Adem\u00e1s, 12 j\u00f3venes sanjuaninas representar\u00e1n a las solistinas de la Fura dels Baus.<\/p>\n<p style=\"text-align: justify;\">El espect\u00e1culo est\u00e1 basado en textos escritos en los siglos XII y XIII en una mezcla de varios idiomas le la \u00e9poca: lat\u00edn popular y alem\u00e1n medieval. Carl Orff, seleccion\u00f3 24 de estas canciones descubiertas en 1803 en el monasterio de Benediktbeuren. Comienza con un poderoso himno en honor a la diosa Fortuna, utilizando m\u00fasicas que recuerdan a la Edad Media y al canto gregoriano.<\/p>\n<p style=\"text-align: justify;\">Despu\u00e9s siguen canciones como La Primavera con sus campanas de regocijo, la canci\u00f3n del bebedor En la taberna o el lirismo de La corte del amor, acabando la obra nuevamente con la diosa Fortuna.<\/p>\n<p style=\"text-align: justify;\">La \u00f3pera cuenta con m\u00e1s de 150.000 espectadores en todo el mundo y elije San Juan para hacer su debut en Argentina.<\/p>\n<p style=\"text-align: justify;\">Cabe destacar, que esta noche habr\u00e1 un avant premier de la \u00f3pera para todos los trabajadores que participaron de la obra y el montaje del Teatro del Bicentenario. Esto, ser\u00e1 un ensayo general de lo que suceder\u00e1 ma\u00f1ana con la apertura.<\/p>","protected":false},"excerpt":{"rendered":"<p>Este viernes 21, San Juan vivir\u00e1 un momento hist\u00f3rico con la inauguraci\u00f3n del mejor teatro del interior del pa\u00eds y Carmina Burana es la obra que interpretar\u00e1 la compa\u00f1\u00eda catalana La Fura Dels Baus en la apertura del Teatro del Bicentenario. La Orquesta Sinf\u00f3nica de&#8230;<\/p>","protected":false},"author":1,"featured_media":15785,"comment_status":"closed","ping_status":"closed","sticky":false,"template":"","format":"standard","meta":{"h5ap_radio_sources":[],"footnotes":""},"categories":[99],"tags":[],"class_list":["post-15784","post","type-post","status-publish","format-standard","has-post-thumbnail","hentry","category-novedades"],"_links":{"self":[{"href":"https:\/\/www.teatrodelbicentenariosanjuan.org\/en\/wp-json\/wp\/v2\/posts\/15784","targetHints":{"allow":["GET"]}}],"collection":[{"href":"https:\/\/www.teatrodelbicentenariosanjuan.org\/en\/wp-json\/wp\/v2\/posts"}],"about":[{"href":"https:\/\/www.teatrodelbicentenariosanjuan.org\/en\/wp-json\/wp\/v2\/types\/post"}],"author":[{"embeddable":true,"href":"https:\/\/www.teatrodelbicentenariosanjuan.org\/en\/wp-json\/wp\/v2\/users\/1"}],"replies":[{"embeddable":true,"href":"https:\/\/www.teatrodelbicentenariosanjuan.org\/en\/wp-json\/wp\/v2\/comments?post=15784"}],"version-history":[{"count":1,"href":"https:\/\/www.teatrodelbicentenariosanjuan.org\/en\/wp-json\/wp\/v2\/posts\/15784\/revisions"}],"predecessor-version":[{"id":15786,"href":"https:\/\/www.teatrodelbicentenariosanjuan.org\/en\/wp-json\/wp\/v2\/posts\/15784\/revisions\/15786"}],"wp:featuredmedia":[{"embeddable":true,"href":"https:\/\/www.teatrodelbicentenariosanjuan.org\/en\/wp-json\/wp\/v2\/media\/15785"}],"wp:attachment":[{"href":"https:\/\/www.teatrodelbicentenariosanjuan.org\/en\/wp-json\/wp\/v2\/media?parent=15784"}],"wp:term":[{"taxonomy":"category","embeddable":true,"href":"https:\/\/www.teatrodelbicentenariosanjuan.org\/en\/wp-json\/wp\/v2\/categories?post=15784"},{"taxonomy":"post_tag","embeddable":true,"href":"https:\/\/www.teatrodelbicentenariosanjuan.org\/en\/wp-json\/wp\/v2\/tags?post=15784"}],"curies":[{"name":"wp","href":"https:\/\/api.w.org\/{rel}","templated":true}]}}