{"id":15796,"date":"2016-11-02T11:53:24","date_gmt":"2016-11-02T14:53:24","guid":{"rendered":"https:\/\/www.teatrodelbicentenariosanjuan.org\/?p=15796"},"modified":"2017-01-25T13:57:56","modified_gmt":"2017-01-25T16:57:56","slug":"el-teatro-del-bicentenario-puso-en-marcha-su-usina-de-formacion","status":"publish","type":"post","link":"https:\/\/www.teatrodelbicentenariosanjuan.org\/en\/novedades\/el-teatro-del-bicentenario-puso-en-marcha-su-usina-de-formacion\/","title":{"rendered":"El Teatro del Bicentenario puso en marcha su usina de formaci\u00f3n"},"content":{"rendered":"<p style=\"text-align: justify;\">Pasaron casi dos semanas desde que qued\u00f3 inaugurado el Teatro del Bicentenario y desde hoy la gran obra cultural arranc\u00f3 con sus capacitaciones. En este marco, m\u00e1s de 20 sanjuaninos comenzaron a transitar una de las tres jornadas de formaci\u00f3n en los rubros de sonido, iluminaci\u00f3n y maquinaria esc\u00e9nica. Esta iniciativa es organizada por el Ministerio de Turismo y Cultura, con el apoyo del Ministerio de Cultura de la Naci\u00f3n.<\/p>\n<p style=\"text-align: justify;\">Generar una conciencia de equipo y cuidado del edificio, ampliar los conocimientos existentes y formar y perfeccionar los conocimientos de los futuros t\u00e9cnicos del teatro, son los 3 ejes que tiene la capacitaci\u00f3n que comenz\u00f3 hoy en el Teatro del Bicentenario. Esta iniciativa est\u00e1 coordinada por Gabriel Caputo, actualmente asesor t\u00e9cnico del Complejo Teatral de la Ciudad de Buenos Aires y due\u00f1o de la productora t\u00e9cnica Phi Producciones.<\/p>\n<p style=\"text-align: justify;\">Cabe destacar que las jornadas est\u00e1n a cargo de profesionales con amplia experiencia en cada rubro. En esta l\u00ednea, Rodrigo Perret Lavecchia coordina el Taller de Sonido, espacio en el que se trabajar\u00e1n tem\u00e1ticas centralizadas en el dise\u00f1o de sistemas de sonido y plantas de escenario, medici\u00f3n y ajuste de sistemas, operaci\u00f3n de sonido con consolas digitales y transporte digital de se\u00f1ales y grabaci\u00f3n multicanal, entre otros.<\/p>","protected":false},"excerpt":{"rendered":"<p>Pasaron casi dos semanas desde que qued\u00f3 inaugurado el Teatro del Bicentenario y desde hoy la gran obra cultural arranc\u00f3 con sus capacitaciones. En este marco, m\u00e1s de 20 sanjuaninos comenzaron a transitar una de las tres jornadas de formaci\u00f3n en los rubros de sonido,&#8230;<\/p>","protected":false},"author":1,"featured_media":15797,"comment_status":"closed","ping_status":"closed","sticky":false,"template":"","format":"standard","meta":{"h5ap_radio_sources":[],"footnotes":""},"categories":[99],"tags":[],"class_list":["post-15796","post","type-post","status-publish","format-standard","has-post-thumbnail","hentry","category-novedades"],"_links":{"self":[{"href":"https:\/\/www.teatrodelbicentenariosanjuan.org\/en\/wp-json\/wp\/v2\/posts\/15796","targetHints":{"allow":["GET"]}}],"collection":[{"href":"https:\/\/www.teatrodelbicentenariosanjuan.org\/en\/wp-json\/wp\/v2\/posts"}],"about":[{"href":"https:\/\/www.teatrodelbicentenariosanjuan.org\/en\/wp-json\/wp\/v2\/types\/post"}],"author":[{"embeddable":true,"href":"https:\/\/www.teatrodelbicentenariosanjuan.org\/en\/wp-json\/wp\/v2\/users\/1"}],"replies":[{"embeddable":true,"href":"https:\/\/www.teatrodelbicentenariosanjuan.org\/en\/wp-json\/wp\/v2\/comments?post=15796"}],"version-history":[{"count":1,"href":"https:\/\/www.teatrodelbicentenariosanjuan.org\/en\/wp-json\/wp\/v2\/posts\/15796\/revisions"}],"predecessor-version":[{"id":15798,"href":"https:\/\/www.teatrodelbicentenariosanjuan.org\/en\/wp-json\/wp\/v2\/posts\/15796\/revisions\/15798"}],"wp:featuredmedia":[{"embeddable":true,"href":"https:\/\/www.teatrodelbicentenariosanjuan.org\/en\/wp-json\/wp\/v2\/media\/15797"}],"wp:attachment":[{"href":"https:\/\/www.teatrodelbicentenariosanjuan.org\/en\/wp-json\/wp\/v2\/media?parent=15796"}],"wp:term":[{"taxonomy":"category","embeddable":true,"href":"https:\/\/www.teatrodelbicentenariosanjuan.org\/en\/wp-json\/wp\/v2\/categories?post=15796"},{"taxonomy":"post_tag","embeddable":true,"href":"https:\/\/www.teatrodelbicentenariosanjuan.org\/en\/wp-json\/wp\/v2\/tags?post=15796"}],"curies":[{"name":"wp","href":"https:\/\/api.w.org\/{rel}","templated":true}]}}