{"id":15837,"date":"2016-11-15T12:09:15","date_gmt":"2016-11-15T15:09:15","guid":{"rendered":"https:\/\/www.teatrodelbicentenariosanjuan.org\/?p=15837"},"modified":"2017-01-25T13:59:24","modified_gmt":"2017-01-25T16:59:24","slug":"el-salmon-sedujo-en-el-teatro-del-bicentenario","status":"publish","type":"post","link":"https:\/\/www.teatrodelbicentenariosanjuan.org\/en\/novedades\/el-salmon-sedujo-en-el-teatro-del-bicentenario\/","title":{"rendered":"El \u201cSalm\u00f3n\u201d sedujo en el Teatro del Bicentenario"},"content":{"rendered":"<p>ANDR\u00c9S: \u00cdNTIMO Y CON LICENCIA PARA CANTAR<\/p>\n<p>Desde el Ministerio de Turismo y Cultura se apost\u00f3 \u2013y se apuesta- a que el Teatro del Bicentenario sea un espacio de todos los sanjuaninos. Un lugar imponente, por el que pasen variadas propuestas y para todos los gustos. En este marco, anoche fue una de esas citas de las que el p\u00fablico no quiso perderse. Es que Andr\u00e9s Calamaro dej\u00f3 un show impecable, que tuvo la particularidad de ser ac\u00fastico e \u00edntimo.<\/p>\n<p>\u201cLicencia para conducir\u201d es el nombre de la gira que encabeza el \u201cSalm\u00f3n\u201d, que pas\u00f3 anoche por el prestigioso teatro. A tono, con traje y zapatos de vestir, el reconocido cantante nacional sedujo al p\u00fablico local con un repertorio que incluy\u00f3 temas de su \u00faltimo \u00e1lbum, \u201cRomaphonic Sessions\u201d, adem\u00e1s de cl\u00e1sicos como \u201cLa libertad\u201d, \u201c7 segundos\u201d, \u201cLos aviones\u201d, \u201cQui\u00e9n as\u00f3 la manteca\u201d, \u201cMi enfermedad\u00bb, \u201cFlaca\u201d y \u201cCr\u00edmenes perfectos\u201d.<\/p>\n<p>Con micr\u00f3fono en mano, por momentos poni\u00e9ndole una cuota de teatralizaci\u00f3n a las canciones, Calamaro se dedic\u00f3 por casi dos horas s\u00f3lo a cantar. Hasta que lleg\u00f3 \u201cPara no olvidar\u201d, y Andr\u00e9s no contuvo las ganas y se apropi\u00f3 del piano de su compa\u00f1ero Germ\u00e1n Wiedemer.<\/p>\n<p>Aplausos interminables. Frases que salieron desde las butacas que dec\u00edan \u201cGracias genio\u201d, \u201cMaestro\u201d o \u201cAguante Andrelo\u201d. Ante estos halagos, el \u00edcono del rock nacional se sac\u00f3 sus gafas y baj\u00f3 su cabeza.<\/p>\n<p>Un ambiente perfecto, con una ac\u00fastica de primer nivel, d\u00f3nde solo bast\u00f3 como compa\u00f1\u00eda un tr\u00edo de m\u00fasicos que incluy\u00f3 contrabajo, piano y percusi\u00f3n. Y, por supuesto, la voz inconfundible marca registrada, que no se priv\u00f3 de hacer covers de Atahualpa Yupanqui, An\u00edbal Troilo, Horacio Ferrer y Carlos Gardel.<\/p>\n<p>En la majestuosa sala reci\u00e9n inaugurada, el rockero se anim\u00f3 a entonar tangos, boleros y hasta una zamba. Por supuesto, los fan\u00e1ticos tararearon e interactuaron con el artista y se adue\u00f1aron del micr\u00f3fono con \u201cCarnaval de Brasil\u201d y el popular \u201cPara no olvidar\u201d, que trajo al recuerdo Los Rodr\u00edguez.<\/p>\n<p>Y como broche, los primeros acordes de \u00abCr\u00edmenes perfectos\u00bb pusieron la piel de gallina a varios seguidores y trajeron la despedida: \u201cMuchas gracias San Juan. Gracias por vuestro respeto, vuestra generosidad y sus abrazos profundos. Gracias y hasta siempre\u201d.<\/p>\n<p>&nbsp;<\/p>\n\n\t\t<style type=\"text\/css\">\n\t\t\t#gallery-1 {\n\t\t\t\tmargin: auto;\n\t\t\t}\n\t\t\t#gallery-1 .gallery-item {\n\t\t\t\tfloat: left;\n\t\t\t\tmargin-top: 10px;\n\t\t\t\ttext-align: center;\n\t\t\t\twidth: 100%;\n\t\t\t}\n\t\t\t#gallery-1 img {\n\t\t\t\tborder: 2px solid #cfcfcf;\n\t\t\t}\n\t\t\t#gallery-1 .gallery-caption {\n\t\t\t\tmargin-left: 0;\n\t\t\t}\n\t\t\t\/* see gallery_shortcode() in wp-includes\/media.php *\/\n\t\t<\/style>\n\t\t<div id='gallery-1' class='gallery galleryid-15837 gallery-columns-1 gallery-size-large'><dl class='gallery-item'>\n\t\t\t<dt class='gallery-icon landscape'>\n\t\t\t\t<img loading=\"lazy\" decoding=\"async\" width=\"993\" height=\"662\" src=\"https:\/\/www.teatrodelbicentenariosanjuan.org\/wp-content\/uploads\/2017\/01\/23.jpg\" class=\"attachment-large size-large\" alt=\"\" srcset=\"https:\/\/www.teatrodelbicentenariosanjuan.org\/wp-content\/uploads\/2017\/01\/23.jpg 993w, https:\/\/www.teatrodelbicentenariosanjuan.org\/wp-content\/uploads\/2017\/01\/23-150x100.jpg 150w, https:\/\/www.teatrodelbicentenariosanjuan.org\/wp-content\/uploads\/2017\/01\/23-300x200.jpg 300w, https:\/\/www.teatrodelbicentenariosanjuan.org\/wp-content\/uploads\/2017\/01\/23-768x512.jpg 768w, https:\/\/www.teatrodelbicentenariosanjuan.org\/wp-content\/uploads\/2017\/01\/23-700x467.jpg 700w, https:\/\/www.teatrodelbicentenariosanjuan.org\/wp-content\/uploads\/2017\/01\/23-500x333.jpg 500w\" sizes=\"auto, (max-width: 993px) 100vw, 993px\" \/>\n\t\t\t<\/dt><\/dl><br style=\"clear: both\" \/><dl class='gallery-item'>\n\t\t\t<dt class='gallery-icon portrait'>\n\t\t\t\t<img loading=\"lazy\" decoding=\"async\" width=\"441\" height=\"662\" src=\"https:\/\/www.teatrodelbicentenariosanjuan.org\/wp-content\/uploads\/2017\/01\/85.jpg\" class=\"attachment-large size-large\" alt=\"\" srcset=\"https:\/\/www.teatrodelbicentenariosanjuan.org\/wp-content\/uploads\/2017\/01\/85.jpg 441w, https:\/\/www.teatrodelbicentenariosanjuan.org\/wp-content\/uploads\/2017\/01\/85-100x150.jpg 100w, https:\/\/www.teatrodelbicentenariosanjuan.org\/wp-content\/uploads\/2017\/01\/85-200x300.jpg 200w\" sizes=\"auto, (max-width: 441px) 100vw, 441px\" \/>\n\t\t\t<\/dt><\/dl><br style=\"clear: both\" \/><dl class='gallery-item'>\n\t\t\t<dt class='gallery-icon landscape'>\n\t\t\t\t<img loading=\"lazy\" decoding=\"async\" width=\"993\" height=\"662\" src=\"https:\/\/www.teatrodelbicentenariosanjuan.org\/wp-content\/uploads\/2017\/01\/86.jpg\" class=\"attachment-large size-large\" alt=\"\" srcset=\"https:\/\/www.teatrodelbicentenariosanjuan.org\/wp-content\/uploads\/2017\/01\/86.jpg 993w, https:\/\/www.teatrodelbicentenariosanjuan.org\/wp-content\/uploads\/2017\/01\/86-150x100.jpg 150w, https:\/\/www.teatrodelbicentenariosanjuan.org\/wp-content\/uploads\/2017\/01\/86-300x200.jpg 300w, https:\/\/www.teatrodelbicentenariosanjuan.org\/wp-content\/uploads\/2017\/01\/86-768x512.jpg 768w, https:\/\/www.teatrodelbicentenariosanjuan.org\/wp-content\/uploads\/2017\/01\/86-700x467.jpg 700w, https:\/\/www.teatrodelbicentenariosanjuan.org\/wp-content\/uploads\/2017\/01\/86-500x333.jpg 500w\" sizes=\"auto, (max-width: 993px) 100vw, 993px\" \/>\n\t\t\t<\/dt><\/dl><br style=\"clear: both\" \/><dl class='gallery-item'>\n\t\t\t<dt class='gallery-icon landscape'>\n\t\t\t\t<img loading=\"lazy\" decoding=\"async\" width=\"1024\" height=\"604\" src=\"https:\/\/www.teatrodelbicentenariosanjuan.org\/wp-content\/uploads\/2017\/01\/lau-1024x604.jpg\" class=\"attachment-large size-large\" alt=\"\" srcset=\"https:\/\/www.teatrodelbicentenariosanjuan.org\/wp-content\/uploads\/2017\/01\/lau-1024x604.jpg 1024w, https:\/\/www.teatrodelbicentenariosanjuan.org\/wp-content\/uploads\/2017\/01\/lau-150x88.jpg 150w, https:\/\/www.teatrodelbicentenariosanjuan.org\/wp-content\/uploads\/2017\/01\/lau-300x177.jpg 300w, https:\/\/www.teatrodelbicentenariosanjuan.org\/wp-content\/uploads\/2017\/01\/lau-768x453.jpg 768w, https:\/\/www.teatrodelbicentenariosanjuan.org\/wp-content\/uploads\/2017\/01\/lau-700x413.jpg 700w, https:\/\/www.teatrodelbicentenariosanjuan.org\/wp-content\/uploads\/2017\/01\/lau-500x295.jpg 500w, https:\/\/www.teatrodelbicentenariosanjuan.org\/wp-content\/uploads\/2017\/01\/lau.jpg 1040w\" sizes=\"auto, (max-width: 1024px) 100vw, 1024px\" \/>\n\t\t\t<\/dt><\/dl><br style=\"clear: both\" \/>\n\t\t<\/div>","protected":false},"excerpt":{"rendered":"<p>ANDR\u00c9S: \u00cdNTIMO Y CON LICENCIA PARA CANTAR Desde el Ministerio de Turismo y Cultura se apost\u00f3 \u2013y se apuesta- a que el Teatro del Bicentenario sea un espacio de todos los sanjuaninos. Un lugar imponente, por el que pasen variadas propuestas y para todos los&#8230;<\/p>","protected":false},"author":1,"featured_media":15838,"comment_status":"closed","ping_status":"closed","sticky":false,"template":"","format":"standard","meta":{"h5ap_radio_sources":[],"footnotes":""},"categories":[99],"tags":[],"class_list":["post-15837","post","type-post","status-publish","format-standard","has-post-thumbnail","hentry","category-novedades"],"_links":{"self":[{"href":"https:\/\/www.teatrodelbicentenariosanjuan.org\/en\/wp-json\/wp\/v2\/posts\/15837","targetHints":{"allow":["GET"]}}],"collection":[{"href":"https:\/\/www.teatrodelbicentenariosanjuan.org\/en\/wp-json\/wp\/v2\/posts"}],"about":[{"href":"https:\/\/www.teatrodelbicentenariosanjuan.org\/en\/wp-json\/wp\/v2\/types\/post"}],"author":[{"embeddable":true,"href":"https:\/\/www.teatrodelbicentenariosanjuan.org\/en\/wp-json\/wp\/v2\/users\/1"}],"replies":[{"embeddable":true,"href":"https:\/\/www.teatrodelbicentenariosanjuan.org\/en\/wp-json\/wp\/v2\/comments?post=15837"}],"version-history":[{"count":1,"href":"https:\/\/www.teatrodelbicentenariosanjuan.org\/en\/wp-json\/wp\/v2\/posts\/15837\/revisions"}],"predecessor-version":[{"id":15843,"href":"https:\/\/www.teatrodelbicentenariosanjuan.org\/en\/wp-json\/wp\/v2\/posts\/15837\/revisions\/15843"}],"wp:featuredmedia":[{"embeddable":true,"href":"https:\/\/www.teatrodelbicentenariosanjuan.org\/en\/wp-json\/wp\/v2\/media\/15838"}],"wp:attachment":[{"href":"https:\/\/www.teatrodelbicentenariosanjuan.org\/en\/wp-json\/wp\/v2\/media?parent=15837"}],"wp:term":[{"taxonomy":"category","embeddable":true,"href":"https:\/\/www.teatrodelbicentenariosanjuan.org\/en\/wp-json\/wp\/v2\/categories?post=15837"},{"taxonomy":"post_tag","embeddable":true,"href":"https:\/\/www.teatrodelbicentenariosanjuan.org\/en\/wp-json\/wp\/v2\/tags?post=15837"}],"curies":[{"name":"wp","href":"https:\/\/api.w.org\/{rel}","templated":true}]}}