{"id":15894,"date":"2016-12-07T13:30:08","date_gmt":"2016-12-07T16:30:08","guid":{"rendered":"https:\/\/www.teatrodelbicentenariosanjuan.org\/?p=15894"},"modified":"2017-01-25T14:00:56","modified_gmt":"2017-01-25T17:00:56","slug":"el-teatro-del-bicentenario-y-el-municipal-de-santiago-de-chile-unidos-para-trabajar-en-conjunto","status":"publish","type":"post","link":"https:\/\/www.teatrodelbicentenariosanjuan.org\/en\/novedades\/el-teatro-del-bicentenario-y-el-municipal-de-santiago-de-chile-unidos-para-trabajar-en-conjunto\/","title":{"rendered":"El Teatro del Bicentenario y el Municipal de Santiago de Chile, unidos para trabajar en conjunto"},"content":{"rendered":"<p style=\"text-align: justify;\">En la ma\u00f1ana de ayer, el Teatro del Bicentenario de San Juan, dependiente del Ministerio de Turismo y Cultura, firm\u00f3 un convenio de colaboraci\u00f3n, integraci\u00f3n e intercambio cultural con el Teatro Municipal de Santiago de Chile. A tan s\u00f3lo 45 d\u00edas de inaugurado el Teatro del Bicentenario de San Juan, el Ministerio de Turismo y Cultura firm\u00f3 ayer\u00a0el segundo convenio de colaboraci\u00f3n con un importante Teatro de renombre internacional como el Municipal de Santiago, con el objetivo de establecer lazos para capacitaci\u00f3n e intercambio cultural entre ambas instituciones.<\/p>\n<p style=\"text-align: justify;\">Frederic Chambert, director General del Teatro Municipal de Santiago y Eduardo Savastano, director General del Teatro del Bicentenario de San Juan rubricaron este Convenio Marco de Colaboraci\u00f3n en el Teatro Municipal de Chile. Entre las cl\u00e1usulas se encuentra el trabajo en conjunto durante 4 a\u00f1os, pudiendo renovarse autom\u00e1ticamente por periodos iguales. Seguido a la firma del convenio, se mantuvo una extensa reuni\u00f3n de trabajo con los cuerpos t\u00e9cnicos y art\u00edsticos del Teatro Municipal donde se dej\u00f3 delineado el plan de acci\u00f3n tendiente al intercambio y producci\u00f3n de contenidos posibles para las siguientes temporadas. Cabe destacar, que el Municipal de Santiago es el centro cultural m\u00e1s antiguo del pa\u00eds y escenario fundamental de obras de todo el mundo.<\/p>\n<p style=\"text-align: justify;\">Destacan sus funciones de \u00f3pera, ballet, conciertos sinf\u00f3nicos y de c\u00e1mara y teatro. Perteneciente a la Ilustre Municipalidad de Santiago y Monumento Nacional desde 1974, el edificio del Teatro fue dise\u00f1ado por el arquitecto Francisco Brunet des Baines, inspirado en el estilo neocl\u00e1sico franc\u00e9s. Fue inaugurado el 17 de septiembre de 1857 con la \u00f3pera Ernani, de Giuseppe Verdi, con un montaje a cargo de una compa\u00f1\u00eda italiana. Desde sus inicios, el teatro desarroll\u00f3 una actividad sumamente relevante para el desarrollo y difusi\u00f3n de la cultura. El Municipal de Santiago es administrado por la Corporaci\u00f3n Cultural de Santiago y alberga a instituciones fundamentales para el desarrollo art\u00edstico nacional, como la Orquesta Filarm\u00f3nica de Santiago, el Ballet de Santiago y el Coro del Municipal de Santiago, adem\u00e1s de un completo cuerpo t\u00e9cnico que integra los talleres de realizaci\u00f3n esc\u00e9nica \u2013construcci\u00f3n, vestuario, escultura, entre otros.<\/p>\n<p style=\"text-align: justify;\">\u00a0<\/p>\n<p style=\"text-align: justify;\"><img loading=\"lazy\" decoding=\"async\" class=\"aligncenter size-large wp-image-15896\" src=\"https:\/\/www.teatrodelbicentenariosanjuan.org\/wp-content\/uploads\/2017\/01\/IMG-20161206-WA0089-1024x576.jpg\" alt=\"\" width=\"1024\" height=\"576\" srcset=\"https:\/\/www.teatrodelbicentenariosanjuan.org\/wp-content\/uploads\/2017\/01\/IMG-20161206-WA0089-1024x576.jpg 1024w, https:\/\/www.teatrodelbicentenariosanjuan.org\/wp-content\/uploads\/2017\/01\/IMG-20161206-WA0089-150x84.jpg 150w, https:\/\/www.teatrodelbicentenariosanjuan.org\/wp-content\/uploads\/2017\/01\/IMG-20161206-WA0089-300x169.jpg 300w, https:\/\/www.teatrodelbicentenariosanjuan.org\/wp-content\/uploads\/2017\/01\/IMG-20161206-WA0089-768x432.jpg 768w, https:\/\/www.teatrodelbicentenariosanjuan.org\/wp-content\/uploads\/2017\/01\/IMG-20161206-WA0089-700x394.jpg 700w, https:\/\/www.teatrodelbicentenariosanjuan.org\/wp-content\/uploads\/2017\/01\/IMG-20161206-WA0089-539x303.jpg 539w, https:\/\/www.teatrodelbicentenariosanjuan.org\/wp-content\/uploads\/2017\/01\/IMG-20161206-WA0089-500x281.jpg 500w, https:\/\/www.teatrodelbicentenariosanjuan.org\/wp-content\/uploads\/2017\/01\/IMG-20161206-WA0089.jpg 1032w\" sizes=\"auto, (max-width: 1024px) 100vw, 1024px\" \/><\/p>","protected":false},"excerpt":{"rendered":"<p>En la ma\u00f1ana de ayer, el Teatro del Bicentenario de San Juan, dependiente del Ministerio de Turismo y Cultura, firm\u00f3 un convenio de colaboraci\u00f3n, integraci\u00f3n e intercambio cultural con el Teatro Municipal de Santiago de Chile. A tan s\u00f3lo 45 d\u00edas de inaugurado el Teatro&#8230;<\/p>","protected":false},"author":1,"featured_media":15895,"comment_status":"closed","ping_status":"closed","sticky":false,"template":"","format":"standard","meta":{"h5ap_radio_sources":[],"footnotes":""},"categories":[99],"tags":[],"class_list":["post-15894","post","type-post","status-publish","format-standard","has-post-thumbnail","hentry","category-novedades"],"_links":{"self":[{"href":"https:\/\/www.teatrodelbicentenariosanjuan.org\/en\/wp-json\/wp\/v2\/posts\/15894","targetHints":{"allow":["GET"]}}],"collection":[{"href":"https:\/\/www.teatrodelbicentenariosanjuan.org\/en\/wp-json\/wp\/v2\/posts"}],"about":[{"href":"https:\/\/www.teatrodelbicentenariosanjuan.org\/en\/wp-json\/wp\/v2\/types\/post"}],"author":[{"embeddable":true,"href":"https:\/\/www.teatrodelbicentenariosanjuan.org\/en\/wp-json\/wp\/v2\/users\/1"}],"replies":[{"embeddable":true,"href":"https:\/\/www.teatrodelbicentenariosanjuan.org\/en\/wp-json\/wp\/v2\/comments?post=15894"}],"version-history":[{"count":1,"href":"https:\/\/www.teatrodelbicentenariosanjuan.org\/en\/wp-json\/wp\/v2\/posts\/15894\/revisions"}],"predecessor-version":[{"id":15897,"href":"https:\/\/www.teatrodelbicentenariosanjuan.org\/en\/wp-json\/wp\/v2\/posts\/15894\/revisions\/15897"}],"wp:featuredmedia":[{"embeddable":true,"href":"https:\/\/www.teatrodelbicentenariosanjuan.org\/en\/wp-json\/wp\/v2\/media\/15895"}],"wp:attachment":[{"href":"https:\/\/www.teatrodelbicentenariosanjuan.org\/en\/wp-json\/wp\/v2\/media?parent=15894"}],"wp:term":[{"taxonomy":"category","embeddable":true,"href":"https:\/\/www.teatrodelbicentenariosanjuan.org\/en\/wp-json\/wp\/v2\/categories?post=15894"},{"taxonomy":"post_tag","embeddable":true,"href":"https:\/\/www.teatrodelbicentenariosanjuan.org\/en\/wp-json\/wp\/v2\/tags?post=15894"}],"curies":[{"name":"wp","href":"https:\/\/api.w.org\/{rel}","templated":true}]}}