{"id":15901,"date":"2016-12-13T13:34:24","date_gmt":"2016-12-13T16:34:24","guid":{"rendered":"https:\/\/www.teatrodelbicentenariosanjuan.org\/?p=15901"},"modified":"2017-01-25T14:01:38","modified_gmt":"2017-01-25T17:01:38","slug":"inaki-en-el-bicentenario-para-todo-el-publico","status":"publish","type":"post","link":"https:\/\/www.teatrodelbicentenariosanjuan.org\/en\/novedades\/inaki-en-el-bicentenario-para-todo-el-publico\/","title":{"rendered":"I\u00f1aki en el Bicentenario para todo el p\u00fablico"},"content":{"rendered":"<p>La compa\u00f1\u00eda dirigida por I\u00f1aki Urlezaga se presentar\u00e1 hoy y ma\u00f1ana en el Teatro del Bicentenario con un programa mixto de casi dos horas, que incluye obras de Tchaicowski, Ravel y Balanchine. Adem\u00e1s de espect\u00e1culos, el bailar\u00edn ofrece una cl\u00ednica de formaci\u00f3n que se llevar\u00e1 a cabo ma\u00f1ana.<\/p>\n<p>Con entrada gratuita, el Ministerio de Turismo y Cultura presenta al prestigioso bailar\u00edn\u00a0I\u00f1aki Urlezaga\u00a0que brindar\u00e1 dos funciones en\u00a0San Juan, hoy martes 13 y el mi\u00e9rcoles 14 de diciembre, a las 21:30 en el Teatro del Bicentenario.<\/p>\n<p>La Compa\u00f1\u00eda Nacional \u201cDanza\u201d tuvo ayer por la tarde el ensayo general en el Teatro del Bicentenario que se desarroll\u00f3 con \u00e9xito ante un importante marco de p\u00fablico, ya que el ensayo fue abierto.<\/p>\n<p>La gala de ballet que el p\u00fablico sanjuanino disfrutar\u00e1 de manera gratuita, contar\u00e1 con un programa mixto integrado por \u201cSerenade\u201d (George Balanchine\/ Pryor Tchaicowski), \u201cCantares\u201d (Oscar Araiz\/ Maurice Ravel) y \u201cRaimonda\u201d III Acto (I\u00f1aki Urlezaga \/ Alexander Glazunov).<\/p>\n<p>La compa\u00f1\u00eda formada por j\u00f3venes talentos de distintas provincias argentinas, tiene en su ballet a la sanjuanina Ayl\u00e9n Castro, de 21 a\u00f1os, que fue seleccionada por I\u00f1aki y que recorre con el bailar\u00edn desde el 2013 en toda su gira.<\/p>","protected":false},"excerpt":{"rendered":"<p>La compa\u00f1\u00eda dirigida por I\u00f1aki Urlezaga se presentar\u00e1 hoy y ma\u00f1ana en el Teatro del Bicentenario con un programa mixto de casi dos horas, que incluye obras de Tchaicowski, Ravel y Balanchine. Adem\u00e1s de espect\u00e1culos, el bailar\u00edn ofrece una cl\u00ednica de formaci\u00f3n que se llevar\u00e1&#8230;<\/p>","protected":false},"author":1,"featured_media":15580,"comment_status":"closed","ping_status":"closed","sticky":false,"template":"","format":"standard","meta":{"h5ap_radio_sources":[],"footnotes":""},"categories":[99],"tags":[],"class_list":["post-15901","post","type-post","status-publish","format-standard","has-post-thumbnail","hentry","category-novedades"],"_links":{"self":[{"href":"https:\/\/www.teatrodelbicentenariosanjuan.org\/en\/wp-json\/wp\/v2\/posts\/15901","targetHints":{"allow":["GET"]}}],"collection":[{"href":"https:\/\/www.teatrodelbicentenariosanjuan.org\/en\/wp-json\/wp\/v2\/posts"}],"about":[{"href":"https:\/\/www.teatrodelbicentenariosanjuan.org\/en\/wp-json\/wp\/v2\/types\/post"}],"author":[{"embeddable":true,"href":"https:\/\/www.teatrodelbicentenariosanjuan.org\/en\/wp-json\/wp\/v2\/users\/1"}],"replies":[{"embeddable":true,"href":"https:\/\/www.teatrodelbicentenariosanjuan.org\/en\/wp-json\/wp\/v2\/comments?post=15901"}],"version-history":[{"count":1,"href":"https:\/\/www.teatrodelbicentenariosanjuan.org\/en\/wp-json\/wp\/v2\/posts\/15901\/revisions"}],"predecessor-version":[{"id":15902,"href":"https:\/\/www.teatrodelbicentenariosanjuan.org\/en\/wp-json\/wp\/v2\/posts\/15901\/revisions\/15902"}],"wp:featuredmedia":[{"embeddable":true,"href":"https:\/\/www.teatrodelbicentenariosanjuan.org\/en\/wp-json\/wp\/v2\/media\/15580"}],"wp:attachment":[{"href":"https:\/\/www.teatrodelbicentenariosanjuan.org\/en\/wp-json\/wp\/v2\/media?parent=15901"}],"wp:term":[{"taxonomy":"category","embeddable":true,"href":"https:\/\/www.teatrodelbicentenariosanjuan.org\/en\/wp-json\/wp\/v2\/categories?post=15901"},{"taxonomy":"post_tag","embeddable":true,"href":"https:\/\/www.teatrodelbicentenariosanjuan.org\/en\/wp-json\/wp\/v2\/tags?post=15901"}],"curies":[{"name":"wp","href":"https:\/\/api.w.org\/{rel}","templated":true}]}}