{"id":16458,"date":"2017-05-16T08:50:54","date_gmt":"2017-05-16T11:50:54","guid":{"rendered":"https:\/\/www.teatrodelbicentenariosanjuan.org\/?p=16458"},"modified":"2017-05-16T08:50:54","modified_gmt":"2017-05-16T11:50:54","slug":"la-inauguracion-del-teatro-del-bicentenario-entre-los-hechos-mas-trascendentes-del-2016","status":"publish","type":"post","link":"https:\/\/www.teatrodelbicentenariosanjuan.org\/en\/novedades\/la-inauguracion-del-teatro-del-bicentenario-entre-los-hechos-mas-trascendentes-del-2016\/","title":{"rendered":"La inauguraci\u00f3n del Teatro del Bicentenario, entre los hechos m\u00e1s trascendentes del 2016"},"content":{"rendered":"<p>Este reconocimiento fue otorgado por la Asociaci\u00f3n de Cr\u00edticos Musicales de la Argentina al Teatro del Bicentenario, por su inauguraci\u00f3n en octubre del 2016. El jurado est\u00e1 compuesto por una importante c\u00fapula de cr\u00edticos de cultura y arte de la Argentina.<\/p>\n<p>\u00a0Con la presencia de Mario Zaguirre, secretario de Patrimonio e Infraestructura, y de Eduardo Savastano, director general del Teatro del Bicentenario, se realiz\u00f3 el reconocimiento a la inauguraci\u00f3n del Teatro del Bicentenario.<\/p>\n<p>Es que en la votaci\u00f3n anual de la Asociaci\u00f3n de Cr\u00edticos Musicales de la Argentina, decidieron valorar la inauguraci\u00f3n del nuevo polo cultural de la regi\u00f3n. Este reconocimiento tuvo lugar en una ceremonia en el Sal\u00f3n San Mart\u00edn, del Palacio Legislativo en la ciudad de Buenos Aires, durante la ma\u00f1ana de hoy.<\/p>\n<p>Los miembros del jurado vieron con buenos ojos el despliegue art\u00edstico que se realiz\u00f3 el 21 de octubre, cuando se inaugur\u00f3 el Teatro del Bicentenario y la Plaza del Bicentenario con un imponente mapping, fuegos artificiales, una intervenci\u00f3n art\u00edstica con bombos, \u00a0murga y los movimientos de una mu\u00f1eca gigante, el gran despliegue de teatro a\u00e9reo y posteriormente la actuaci\u00f3n del grupo art\u00edstico catal\u00e1n, \u2018La Fura dels Baus\u2018, junto al Coro Universitario y a la Orquesta Sinf\u00f3nica de la Universidad Nacional de San Juan dirigida por el Maestro Emmanuel Siffert, de la \u00a0obra \u2018Carmina Burana\u2018, de Carl Orff.<\/p>\n<p>La A.C.M.A ha considerado la inauguraci\u00f3n del Teatro dentro de los cinco hechos de mayor trascendencia, en el a\u00f1o 2016. Los otros reconocimientos fueron para la Conmemoraci\u00f3n de los 100 a\u00f1os del nacimiento de Alberto Ginastera, el Ciclo integral de las Sinfon\u00edas de Mahler (Orquesta Sinf\u00f3nica Provincial de Rosario) ,los \u00a0Ciclos \u00abCol\u00f3n en Familia\u00bb y \u00abCl\u00e1sica Joven\u00bb (CCK), y los 30 a\u00f1os de Nuova<\/p>","protected":false},"excerpt":{"rendered":"<p>Este reconocimiento fue otorgado por la Asociaci\u00f3n de Cr\u00edticos Musicales de la Argentina al Teatro del Bicentenario, por su inauguraci\u00f3n en octubre del 2016. El jurado est\u00e1 compuesto por una importante c\u00fapula de cr\u00edticos de cultura y arte de la Argentina. \u00a0Con la presencia de&#8230;<\/p>","protected":false},"author":4,"featured_media":16459,"comment_status":"closed","ping_status":"closed","sticky":false,"template":"","format":"standard","meta":{"h5ap_radio_sources":[],"footnotes":""},"categories":[99],"tags":[],"class_list":["post-16458","post","type-post","status-publish","format-standard","has-post-thumbnail","hentry","category-novedades"],"_links":{"self":[{"href":"https:\/\/www.teatrodelbicentenariosanjuan.org\/en\/wp-json\/wp\/v2\/posts\/16458","targetHints":{"allow":["GET"]}}],"collection":[{"href":"https:\/\/www.teatrodelbicentenariosanjuan.org\/en\/wp-json\/wp\/v2\/posts"}],"about":[{"href":"https:\/\/www.teatrodelbicentenariosanjuan.org\/en\/wp-json\/wp\/v2\/types\/post"}],"author":[{"embeddable":true,"href":"https:\/\/www.teatrodelbicentenariosanjuan.org\/en\/wp-json\/wp\/v2\/users\/4"}],"replies":[{"embeddable":true,"href":"https:\/\/www.teatrodelbicentenariosanjuan.org\/en\/wp-json\/wp\/v2\/comments?post=16458"}],"version-history":[{"count":1,"href":"https:\/\/www.teatrodelbicentenariosanjuan.org\/en\/wp-json\/wp\/v2\/posts\/16458\/revisions"}],"predecessor-version":[{"id":16460,"href":"https:\/\/www.teatrodelbicentenariosanjuan.org\/en\/wp-json\/wp\/v2\/posts\/16458\/revisions\/16460"}],"wp:featuredmedia":[{"embeddable":true,"href":"https:\/\/www.teatrodelbicentenariosanjuan.org\/en\/wp-json\/wp\/v2\/media\/16459"}],"wp:attachment":[{"href":"https:\/\/www.teatrodelbicentenariosanjuan.org\/en\/wp-json\/wp\/v2\/media?parent=16458"}],"wp:term":[{"taxonomy":"category","embeddable":true,"href":"https:\/\/www.teatrodelbicentenariosanjuan.org\/en\/wp-json\/wp\/v2\/categories?post=16458"},{"taxonomy":"post_tag","embeddable":true,"href":"https:\/\/www.teatrodelbicentenariosanjuan.org\/en\/wp-json\/wp\/v2\/tags?post=16458"}],"curies":[{"name":"wp","href":"https:\/\/api.w.org\/{rel}","templated":true}]}}