{"id":16480,"date":"2017-05-26T10:50:40","date_gmt":"2017-05-26T13:50:40","guid":{"rendered":"https:\/\/www.teatrodelbicentenariosanjuan.org\/?p=16480"},"modified":"2017-05-26T11:29:57","modified_gmt":"2017-05-26T14:29:57","slug":"la-danza-y-la-musica-sellaron-una-sensacional-gala-patria","status":"publish","type":"post","link":"https:\/\/www.teatrodelbicentenariosanjuan.org\/en\/novedades\/la-danza-y-la-musica-sellaron-una-sensacional-gala-patria\/","title":{"rendered":"LA DANZA Y LA M\u00daSICA SELLARON UNA SENSACIONAL GALA PATRIA"},"content":{"rendered":"<p>Con la participaci\u00f3n estelar de Hern\u00e1n Piqu\u00edn y un programa cargado de patriotismo y tradici\u00f3n, el p\u00fablico que asisti\u00f3 a la funci\u00f3n del Teatro del Bicentenario ovacion\u00f3 a los artistas de pie en la v\u00edspera del d\u00eda de la Patria.<\/p>\n<p>En la previa a la llegada del 25 de Mayo, el Teatro del Bicentenario diagram\u00f3\u00a0un fant\u00e1stico espect\u00e1culo de primer nivel en el que se incluy\u00f3 el folclore y el tango, interpretado por bailarines y m\u00fasicos de lujo.\u00a0<\/p>\n<p>\u200bEl eximio bailar\u00edn Hern\u00e1n Piqu\u00edn, junto a la sanjuanina Victoria Balanza, deslumbraron con su danza. Adem\u00e1s, se destac\u00f3 la participaci\u00f3n del Ballet Folkl\u00f3rico Nacional y los ballets de Gerardo Lecich y el Folcl\u00f3rico de Juan Pelletier. En lo musical, brill\u00f3 lo hecho por la Camerata y los solistas Mili Yacante y Kuky Vega.<\/p>\n<p>La noche se abri\u00f3, musicalmente, de la mano de la Camerata que interpret\u00f3 \u00abCoraz\u00f3n\u00bb y\u00a0\u00abPuentecito de mi r\u00edo\u00bb, junto a Kuky Vega y \u00abGringa Chaque\u00f1a\u00bb y, con Mili Yacante. Estas canciones fueron coreografiadas por Juan Pelletier e interpretadas por su destacado ballet.<\/p>\n<p>M\u00e1s tarde lleg\u00f3 el turno del tango, con \u00abVolver\u00bb y \u00abMilonga Sentimental\u00bb que fueron interpretadas por la Camerata y la danza de los talentosos bailarines dirigidos por el maestro Lecich.<\/p>\n<p>Siguiendo el acento del 2&#215;4, de la mano del gran Hern\u00e1n Piqu\u00edn y la virtuosa sanjuanina Victoria Balanza, quienes provocaron la primera ovaci\u00f3n de la noche cuando danzaron al ritmo de Libertango, del maestro Astor Piazzolla.\u00a0<\/p>\n<p>Posteriormente, la Camerata interpret\u00f3 el malambo de Ginastera, mientras que la compa\u00f1\u00eda de bailarines comandada por Pelletier se sum\u00f3 su cuota de danza.<\/p>\n<p>En la segunda parte, la protagoniz\u00f3 el Ballet Folcl\u00f3rico Nacional, con 60 artistas en escena, que deslumbr\u00f3 al p\u00fablico danzando \u201cCuando sale el sol\u201d, \u00abMelanc\u00f3lico\u00bb y \u00abMalambo pa\u00b4los pobres\u00bb. Esta \u00faltima fue una recreaci\u00f3n de la Media Ca\u00f1a y Ritmo de Chaya. Ese repertorio tambi\u00e9n incluy\u00f3 la \u00abChacarera de la Luna\u00bb y, por \u00faltimo, el Peric\u00f3n Nacional de Argentina y el Malambo.<\/p>\n<p>La noche cerr\u00f3 con el Himno Nacional Argentino interpretado por la Camerata, a las 00 en punto, cuando ya se cumpl\u00eda el 207 aniversario de la Patria.<\/p>","protected":false},"excerpt":{"rendered":"<p>Con la participaci\u00f3n estelar de Hern\u00e1n Piqu\u00edn y un programa cargado de patriotismo y tradici\u00f3n, el p\u00fablico que asisti\u00f3 a la funci\u00f3n del Teatro del Bicentenario ovacion\u00f3 a los artistas de pie en la v\u00edspera del d\u00eda de la Patria. En la previa a la&#8230;<\/p>","protected":false},"author":4,"featured_media":16481,"comment_status":"closed","ping_status":"closed","sticky":false,"template":"","format":"standard","meta":{"h5ap_radio_sources":[],"footnotes":""},"categories":[99],"tags":[],"class_list":["post-16480","post","type-post","status-publish","format-standard","has-post-thumbnail","hentry","category-novedades"],"_links":{"self":[{"href":"https:\/\/www.teatrodelbicentenariosanjuan.org\/en\/wp-json\/wp\/v2\/posts\/16480","targetHints":{"allow":["GET"]}}],"collection":[{"href":"https:\/\/www.teatrodelbicentenariosanjuan.org\/en\/wp-json\/wp\/v2\/posts"}],"about":[{"href":"https:\/\/www.teatrodelbicentenariosanjuan.org\/en\/wp-json\/wp\/v2\/types\/post"}],"author":[{"embeddable":true,"href":"https:\/\/www.teatrodelbicentenariosanjuan.org\/en\/wp-json\/wp\/v2\/users\/4"}],"replies":[{"embeddable":true,"href":"https:\/\/www.teatrodelbicentenariosanjuan.org\/en\/wp-json\/wp\/v2\/comments?post=16480"}],"version-history":[{"count":1,"href":"https:\/\/www.teatrodelbicentenariosanjuan.org\/en\/wp-json\/wp\/v2\/posts\/16480\/revisions"}],"predecessor-version":[{"id":16482,"href":"https:\/\/www.teatrodelbicentenariosanjuan.org\/en\/wp-json\/wp\/v2\/posts\/16480\/revisions\/16482"}],"wp:featuredmedia":[{"embeddable":true,"href":"https:\/\/www.teatrodelbicentenariosanjuan.org\/en\/wp-json\/wp\/v2\/media\/16481"}],"wp:attachment":[{"href":"https:\/\/www.teatrodelbicentenariosanjuan.org\/en\/wp-json\/wp\/v2\/media?parent=16480"}],"wp:term":[{"taxonomy":"category","embeddable":true,"href":"https:\/\/www.teatrodelbicentenariosanjuan.org\/en\/wp-json\/wp\/v2\/categories?post=16480"},{"taxonomy":"post_tag","embeddable":true,"href":"https:\/\/www.teatrodelbicentenariosanjuan.org\/en\/wp-json\/wp\/v2\/tags?post=16480"}],"curies":[{"name":"wp","href":"https:\/\/api.w.org\/{rel}","templated":true}]}}