{"id":16539,"date":"2017-06-19T12:22:40","date_gmt":"2017-06-19T15:22:40","guid":{"rendered":"https:\/\/www.teatrodelbicentenariosanjuan.org\/?p=16539"},"modified":"2017-06-30T10:11:10","modified_gmt":"2017-06-30T13:11:10","slug":"mirta-busnelli-vuelve-con-la-savia-al-teatro-del-bicentenario","status":"publish","type":"post","link":"https:\/\/www.teatrodelbicentenariosanjuan.org\/en\/novedades\/mirta-busnelli-vuelve-con-la-savia-al-teatro-del-bicentenario\/","title":{"rendered":"Mirta Busnelli vuelve con \u201cLa savia\u201d al Teatro del Bicentenario"},"content":{"rendered":"<p><strong><em>Debido al \u00e9xito de convocatoria que tuvo la obra La Savia en el marco de Plataforma Futuro, vuelve al Teatro del Bicentenario de San Juan. Esta obra, protagonizada por Mirta Busnelli, dispondr\u00e1 de dos nuevas funciones previstas para el 24 y 25 de junio, a las 20hs., en el Auditorium del Teatro del Bicentenario con una entrada general de $120 en efectivo, que se podr\u00e1 adquirir a partir del 19 de junio en Boleter\u00edas del Teatro.<\/em><\/strong><\/p>\n<p><strong>\u00a0<\/strong>La sala Auditorium del Teatro del Bicentenario tendr\u00e1 nuevamente el privilegio de recibir <strong>La Savia<\/strong>, <strong>producci\u00f3n del Teatro Cervantes &#8211; Teatro Nacional Argentino, protagonizada \u00a0por<\/strong>\u00a0Mirta Busnelli. Escrita y\u00a0dirigida por el sanjuanino Ignacio S\u00e1nchez Mestre,\u00a0recorre el universo cotidiano de una lectora madura, capaz de transformarse gracias a su relaci\u00f3n con los libros y las plantas.<\/p>\n<p>Con una entrada \u00fanica de\u00a0<strong>$120, este espect\u00e1culo podr\u00e1 disfrutarse el pr\u00f3ximo 24 y 25 de junio, a las 20hs., y las entradas pueden adquirirse de contado en Boleter\u00edas del Teatro, de lunes a s\u00e1bados de 10 a 20hs.<\/strong><\/p>\n<p>Savia es el nombre del l\u00edquido que circula por los vasos conductores y transporta el alimento de las plantas, pero tambi\u00e9n la palabra que se utiliza para nombrar el elemento que da vida a las cosas. En esta, la cuarta creaci\u00f3n del autor sanjuanino Ignacio S\u00e1nchez Mestre luego de\u00a0Demo (2012), Lunes abierto (2014) y Despierto (2016), asistimos a una mirada divertida y delicada sobre todo aquello que nos da vitalidad.<\/p>\n<p>Entre libros y plantas, Elsa, el personaje interpretado por Mirta Busnelli, atraviesa una etapa de sutil renacimiento. Tal vez, como la vida silenciosa del mundo vegetal, haya algo en nosotros que, a\u00fan en el ocaso de nuestras vidas, no deja de manifestarse y crecer. Esta obra fue seleccionada a partir de la \u00abConvocatoria de proyectos teatrales para la programaci\u00f3n 2017\u00bb.<\/p>\n<p>Cabe destacar que la obra se presenta en el marco del convenio de colaboraci\u00f3n art\u00edstica y t\u00e9cnica entre el\u00a0Ministerio de Turismo y Cultura, a trav\u00e9s del Teatro del Bicentenario,\u00a0y el<strong>\u00a0Teatro Cervantes, Teatro Nacional Argentino<\/strong>\u00a0para el trabajo en conjunto en diferentes producciones.<\/p>\n<p>&nbsp;<\/p>","protected":false},"excerpt":{"rendered":"<p>Debido al \u00e9xito de convocatoria que tuvo la obra La Savia en el marco de Plataforma Futuro, vuelve al Teatro del Bicentenario de San Juan. Esta obra, protagonizada por Mirta Busnelli, dispondr\u00e1 de dos nuevas funciones previstas para el 24 y 25 de junio, a&#8230;<\/p>","protected":false},"author":4,"featured_media":16542,"comment_status":"closed","ping_status":"closed","sticky":false,"template":"","format":"standard","meta":{"h5ap_radio_sources":[],"footnotes":""},"categories":[99],"tags":[],"class_list":["post-16539","post","type-post","status-publish","format-standard","has-post-thumbnail","hentry","category-novedades"],"_links":{"self":[{"href":"https:\/\/www.teatrodelbicentenariosanjuan.org\/en\/wp-json\/wp\/v2\/posts\/16539","targetHints":{"allow":["GET"]}}],"collection":[{"href":"https:\/\/www.teatrodelbicentenariosanjuan.org\/en\/wp-json\/wp\/v2\/posts"}],"about":[{"href":"https:\/\/www.teatrodelbicentenariosanjuan.org\/en\/wp-json\/wp\/v2\/types\/post"}],"author":[{"embeddable":true,"href":"https:\/\/www.teatrodelbicentenariosanjuan.org\/en\/wp-json\/wp\/v2\/users\/4"}],"replies":[{"embeddable":true,"href":"https:\/\/www.teatrodelbicentenariosanjuan.org\/en\/wp-json\/wp\/v2\/comments?post=16539"}],"version-history":[{"count":3,"href":"https:\/\/www.teatrodelbicentenariosanjuan.org\/en\/wp-json\/wp\/v2\/posts\/16539\/revisions"}],"predecessor-version":[{"id":16548,"href":"https:\/\/www.teatrodelbicentenariosanjuan.org\/en\/wp-json\/wp\/v2\/posts\/16539\/revisions\/16548"}],"wp:featuredmedia":[{"embeddable":true,"href":"https:\/\/www.teatrodelbicentenariosanjuan.org\/en\/wp-json\/wp\/v2\/media\/16542"}],"wp:attachment":[{"href":"https:\/\/www.teatrodelbicentenariosanjuan.org\/en\/wp-json\/wp\/v2\/media?parent=16539"}],"wp:term":[{"taxonomy":"category","embeddable":true,"href":"https:\/\/www.teatrodelbicentenariosanjuan.org\/en\/wp-json\/wp\/v2\/categories?post=16539"},{"taxonomy":"post_tag","embeddable":true,"href":"https:\/\/www.teatrodelbicentenariosanjuan.org\/en\/wp-json\/wp\/v2\/tags?post=16539"}],"curies":[{"name":"wp","href":"https:\/\/api.w.org\/{rel}","templated":true}]}}