{"id":16573,"date":"2017-07-06T09:37:50","date_gmt":"2017-07-06T12:37:50","guid":{"rendered":"https:\/\/www.teatrodelbicentenariosanjuan.org\/?p=16573"},"modified":"2017-07-06T09:38:02","modified_gmt":"2017-07-06T12:38:02","slug":"quinteto-escolaso-el-homenaje-a-astor-piazzolla","status":"publish","type":"post","link":"https:\/\/www.teatrodelbicentenariosanjuan.org\/en\/novedades\/quinteto-escolaso-el-homenaje-a-astor-piazzolla\/","title":{"rendered":"\u201cQuinteto Escolaso, el homenaje a Astor Piazzolla"},"content":{"rendered":"<p style=\"text-align: justify;\">En el marco de las vacaciones de invierno, el Gobierno de San Juan a trav\u00e9s del Ministerio de Turismo y Cultura, organiz\u00f3 una serie de actividades para que los turistas y p\u00fablico sanjuanino disfruten. En este sentido, se llevar\u00e1 a cabo un <strong>homenaje<\/strong> al genial compositor argentino <strong>Astor Piazzolla<\/strong> por los 25 a\u00f1os de su fallecimiento, en la Sala Auditorium del Teatro del Bicentenario el pr\u00f3ximo s\u00e1bado 22 de julio. La entrada general es de $150 y se pueden adquirir por Boleter\u00eda del Teatro, de lunes a s\u00e1bados, de 10 a 20hs.<\/p>\n<p style=\"text-align: justify;\">El \u201c<em>Quinteto Escolaso<\/em>\u201d nace en el a\u00f1o 2014, con la novedosa formaci\u00f3n de cuarteto de cuerdas y bandone\u00f3n, integrado por los principales solistas de cuerda de la Orquesta Sinf\u00f3nica UNSJ, Nidhal Jebali, Vanina Danna, violines, Rayna Diankova, viola, Veselin Yanakiev, violonchelo y Esteban Calder\u00f3n en bandone\u00f3n.<\/p>\n<p style=\"text-align: justify;\">El <em>Quinteto Escolaso<\/em> se ha presentado en distintos escenarios como Auditorio Juan Victoria, Museo de Bellas Artes Franklin Rawson, rectorado UNSJ, han participado de los festivales \u201cTango x los caminos del vino 2014\u201d en Bodega Nieto Senetiner, \u201cRuid al Sud\u201d 2015, \u201cM\u00fasica Cl\u00e1sica x los caminos del Vino\u201d 2016 en la Reserva Villavicencio-Mendoza, \u201cM\u00fasica Cl\u00e1sica x los caminos del Vino\u201d 2017 en Templo del Bonarda y en los ciclos \u201cEl Bandone\u00f3n en el museo\u201d (Museo Provincial Gnecco) y \u201cEl Bandone\u00f3n en la facultad\u201d (Aula magna de Filosof\u00eda). Han interpretado las obras de Astor Piazzolla: 5 Tango Sensations, Suite Troileana y Suite Lumiere y ahora inician un ciclo para mostrar las obras \u201cOfrenda Musical\u201d y \u201cEl Arte de la Fuga\u201d de J.S.Bach.<\/p>\n<p>Durante este espect\u00e1culo, se podr\u00e1 disfrutar de un magn\u00edfico repertorio:<\/p>\n<p>\u00abSuite Troileana\u00bb<\/p>\n<p>\u00a01-Bandone\u00f3n<\/p>\n<p>\u00a02-Zita<\/p>\n<p>\u00a03-Whisky<\/p>\n<p>\u00a04-Escolaso<\/p>\n<p>&nbsp;<\/p>\n<p>\u00a0\u00abSuite Lumiere\u00bb<\/p>\n<p>\u00a01-Soledad<\/p>\n<p>\u00a02-Muerte<\/p>\n<p>\u00a03-El amor<\/p>\n<p>\u00a04-La evasi\u00f3n<\/p>","protected":false},"excerpt":{"rendered":"<p>En el marco de las vacaciones de invierno, el Gobierno de San Juan a trav\u00e9s del Ministerio de Turismo y Cultura, organiz\u00f3 una serie de actividades para que los turistas y p\u00fablico sanjuanino disfruten. En este sentido, se llevar\u00e1 a cabo un homenaje al genial&#8230;<\/p>","protected":false},"author":4,"featured_media":16574,"comment_status":"closed","ping_status":"closed","sticky":false,"template":"","format":"standard","meta":{"h5ap_radio_sources":[],"footnotes":""},"categories":[99],"tags":[],"class_list":["post-16573","post","type-post","status-publish","format-standard","has-post-thumbnail","hentry","category-novedades"],"_links":{"self":[{"href":"https:\/\/www.teatrodelbicentenariosanjuan.org\/en\/wp-json\/wp\/v2\/posts\/16573","targetHints":{"allow":["GET"]}}],"collection":[{"href":"https:\/\/www.teatrodelbicentenariosanjuan.org\/en\/wp-json\/wp\/v2\/posts"}],"about":[{"href":"https:\/\/www.teatrodelbicentenariosanjuan.org\/en\/wp-json\/wp\/v2\/types\/post"}],"author":[{"embeddable":true,"href":"https:\/\/www.teatrodelbicentenariosanjuan.org\/en\/wp-json\/wp\/v2\/users\/4"}],"replies":[{"embeddable":true,"href":"https:\/\/www.teatrodelbicentenariosanjuan.org\/en\/wp-json\/wp\/v2\/comments?post=16573"}],"version-history":[{"count":2,"href":"https:\/\/www.teatrodelbicentenariosanjuan.org\/en\/wp-json\/wp\/v2\/posts\/16573\/revisions"}],"predecessor-version":[{"id":16576,"href":"https:\/\/www.teatrodelbicentenariosanjuan.org\/en\/wp-json\/wp\/v2\/posts\/16573\/revisions\/16576"}],"wp:featuredmedia":[{"embeddable":true,"href":"https:\/\/www.teatrodelbicentenariosanjuan.org\/en\/wp-json\/wp\/v2\/media\/16574"}],"wp:attachment":[{"href":"https:\/\/www.teatrodelbicentenariosanjuan.org\/en\/wp-json\/wp\/v2\/media?parent=16573"}],"wp:term":[{"taxonomy":"category","embeddable":true,"href":"https:\/\/www.teatrodelbicentenariosanjuan.org\/en\/wp-json\/wp\/v2\/categories?post=16573"},{"taxonomy":"post_tag","embeddable":true,"href":"https:\/\/www.teatrodelbicentenariosanjuan.org\/en\/wp-json\/wp\/v2\/tags?post=16573"}],"curies":[{"name":"wp","href":"https:\/\/api.w.org\/{rel}","templated":true}]}}