{"id":16614,"date":"2017-07-18T11:29:08","date_gmt":"2017-07-18T14:29:08","guid":{"rendered":"https:\/\/www.teatrodelbicentenariosanjuan.org\/?p=16614"},"modified":"2017-07-18T11:29:08","modified_gmt":"2017-07-18T14:29:08","slug":"san-juan-podra-revivir-suenos-de-libertad-en-el-teatro-del-bicentenario","status":"publish","type":"post","link":"https:\/\/www.teatrodelbicentenariosanjuan.org\/en\/novedades\/san-juan-podra-revivir-suenos-de-libertad-en-el-teatro-del-bicentenario\/","title":{"rendered":"San Juan podr\u00e1 revivir \u201cSue\u00f1os de Libertad\u201d en el Teatro del Bicentenario"},"content":{"rendered":"<p style=\"text-align: justify;\">En agosto el espect\u00e1culo final de la Fiesta Nacional del Sol 2017 \u201cSue\u00f1os de Libertad: El Cruce de Los Andes\u201d se presenta especialmente adaptado para el Teatro del Bicentenario. Es la primera vez que la imponente puesta en escena con la que concluye la FNS\u00a0en el Aut\u00f3dromo\u00a0\u00ab\u200bEl Zonda\u200b\u00bb\u200b\u00a0se repite luego de febrero y en un teatro, involucrando el trabajo de al menos 200 personas, entre artistas, t\u00e9cnicos y equipo de producci\u00f3n.<\/p>\n<p style=\"text-align: justify;\">Durante los d\u00edas 4 y 5 de agosto\u00a0habr\u00e1 2 funciones\u00a0a las 21.30 hs., con entradas desde $50 que incluyen el CD de la M\u00fasica Original del espect\u00e1culo, de regalo.\u200b\u00a0Se subir\u00e1 a escena tambi\u00e9n en dos funciones matutinas, destinadas a alumnos y jubilados de los departamentos alejados, invitados especiales de los Ministerios de Desarrollo Humano y Educaci\u00f3n.<\/p>\n<p style=\"text-align: justify;\">\u200bEl argumento se desarrolla entre 1817,\u00a0 cuando San Mart\u00edn lider\u00f3 el Cruce de Los Andes, y 1850, el a\u00f1o de su fallecimiento. La historia se teje en torno a la figura de un general joven y vigoroso, y un San Mart\u00edn anciano, que desde Boulogne Sur Mer \u00a0recuerda las agitadas jornadas de la gesta. Los cuyanos, con\u00a0sue\u00f1os de libertad, acompa\u00f1an al pr\u00f3cer y se convierten en los protagonistas de la mayor epopeya del continente.<\/p>\n<p style=\"text-align: justify;\">El espect\u00e1culo est\u00e1 dirigido a toda la familia\u200b\u200b\u00a0y\u200b\u00a0dura una hora.\u00a0L\u200bas entradas tienen un valor de $50, $80 y $100\u00a0(todas incluyen el CD de la M\u00fasica Original de regalo)\u00a0\u200by se pueden comprar en la boleter\u00eda del Teatro del Bicentenario, de lunes a s\u00e1bado, de 10 a 20.<\/p>\n<p>&nbsp;<\/p>","protected":false},"excerpt":{"rendered":"<p>En agosto el espect\u00e1culo final de la Fiesta Nacional del Sol 2017 \u201cSue\u00f1os de Libertad: El Cruce de Los Andes\u201d se presenta especialmente adaptado para el Teatro del Bicentenario. Es la primera vez que la imponente puesta en escena con la que concluye la FNS\u00a0en&#8230;<\/p>","protected":false},"author":4,"featured_media":16615,"comment_status":"closed","ping_status":"closed","sticky":false,"template":"","format":"standard","meta":{"h5ap_radio_sources":[],"footnotes":""},"categories":[99],"tags":[],"class_list":["post-16614","post","type-post","status-publish","format-standard","has-post-thumbnail","hentry","category-novedades"],"_links":{"self":[{"href":"https:\/\/www.teatrodelbicentenariosanjuan.org\/en\/wp-json\/wp\/v2\/posts\/16614","targetHints":{"allow":["GET"]}}],"collection":[{"href":"https:\/\/www.teatrodelbicentenariosanjuan.org\/en\/wp-json\/wp\/v2\/posts"}],"about":[{"href":"https:\/\/www.teatrodelbicentenariosanjuan.org\/en\/wp-json\/wp\/v2\/types\/post"}],"author":[{"embeddable":true,"href":"https:\/\/www.teatrodelbicentenariosanjuan.org\/en\/wp-json\/wp\/v2\/users\/4"}],"replies":[{"embeddable":true,"href":"https:\/\/www.teatrodelbicentenariosanjuan.org\/en\/wp-json\/wp\/v2\/comments?post=16614"}],"version-history":[{"count":1,"href":"https:\/\/www.teatrodelbicentenariosanjuan.org\/en\/wp-json\/wp\/v2\/posts\/16614\/revisions"}],"predecessor-version":[{"id":16616,"href":"https:\/\/www.teatrodelbicentenariosanjuan.org\/en\/wp-json\/wp\/v2\/posts\/16614\/revisions\/16616"}],"wp:featuredmedia":[{"embeddable":true,"href":"https:\/\/www.teatrodelbicentenariosanjuan.org\/en\/wp-json\/wp\/v2\/media\/16615"}],"wp:attachment":[{"href":"https:\/\/www.teatrodelbicentenariosanjuan.org\/en\/wp-json\/wp\/v2\/media?parent=16614"}],"wp:term":[{"taxonomy":"category","embeddable":true,"href":"https:\/\/www.teatrodelbicentenariosanjuan.org\/en\/wp-json\/wp\/v2\/categories?post=16614"},{"taxonomy":"post_tag","embeddable":true,"href":"https:\/\/www.teatrodelbicentenariosanjuan.org\/en\/wp-json\/wp\/v2\/tags?post=16614"}],"curies":[{"name":"wp","href":"https:\/\/api.w.org\/{rel}","templated":true}]}}