{"id":16666,"date":"2017-08-15T10:12:12","date_gmt":"2017-08-15T13:12:12","guid":{"rendered":"https:\/\/www.teatrodelbicentenariosanjuan.org\/?p=16666"},"modified":"2017-08-15T10:12:12","modified_gmt":"2017-08-15T13:12:12","slug":"el-teatro-del-bicentenario-sera-una-de-las-sedes-del-encuentro-regional-del-teatro-del-nuevo-cuyo-2017","status":"publish","type":"post","link":"https:\/\/www.teatrodelbicentenariosanjuan.org\/en\/novedades\/el-teatro-del-bicentenario-sera-una-de-las-sedes-del-encuentro-regional-del-teatro-del-nuevo-cuyo-2017\/","title":{"rendered":"El Teatro del Bicentenario ser\u00e1 una de las sedes del Encuentro Regional del Teatro del Nuevo Cuyo 2017"},"content":{"rendered":"<p style=\"text-align: justify;\"><strong>\u00a0<\/strong>El Encuentro Regional del Teatro del Nuevo Cuyo 2017, Ciudad de San Juan, re\u00fane las tres primeras obras teatrales que fueron seleccionadas en las Fiestas Provinciales del Teatro de las provincias de La Rioja, Mendoza, San Juan y San Luis, ediciones 2016 y 2017. Entrada General: $50, se pueden adquirir de 10 a 14, en el Cine Teatro Municipal.<\/p>\n<p>En esta oportunidad se presentar\u00e1n 22 obras de la Regi\u00f3n Nuevo Cuyo y el Teatro del Bicentenario recibir\u00e1 las siguientes producciones:<\/p>\n<p><strong>MI\u00c9RCOLES 16 DE AGOSTO<\/strong><\/p>\n<p>Sala Principal Teatro del Bicentenario<\/p>\n<p>21.30hs.<\/p>\n<p>\u00a0<strong>Esta es mi criatura<\/strong><\/p>\n<p>Danza Teatro\/ J\u00f3venes y adultos \/ 60 min.<\/p>\n<p>C\u00eda. de danzas Riveros Luna<\/p>\n<p>SAN JUAN<\/p>\n<p>Constante b\u00fasqueda de respuestas a una pregunta que despliega un n\u00famero arriesgado y fortuito de argumentos y contradicciones. \u00bfQu\u00e9 es una criatura?&#8230;<\/p>\n<p>&nbsp;<\/p>\n<p>&#8212;&#8212;&#8212;&#8212;&#8212;&#8212;&#8212;&#8212;&#8212;&#8212;&#8212;&#8212;&#8212;&#8212;&#8212;&#8212;&#8212;&#8212;&#8212;&#8212;&#8212;&#8212;&#8212;&#8212;&#8212;&#8212;&#8212;&#8212;&#8212;&#8212;&#8212;&#8212;&#8212;&#8212;&#8212;&#8212;&#8212;&#8211;<\/p>\n<p><strong>MI\u00c9RCOLES 16 DE AGOSTO<\/strong><\/p>\n<p>23hs<br \/>\n Sala Auditorium Teatro del Bicentenario<\/p>\n<p><strong>El Edipo<\/strong><\/p>\n<p>Comedia dram\u00e1tica \/ J\u00f3venes y adultos \/ 45 min.<\/p>\n<p>Lanotannegra Taller<\/p>\n<p>SAN JUAN<\/p>\n<p>\u00a0\u00a0El Edipo es la tragedia de S\u00f3focles, la actualidad deformada, una obra de teatro. El teatro le permite a este elenco encontrarse con quienes no podr\u00e1n ser, no deber\u00e1n ser, no querr\u00e1n ser, o s\u00ed. Contamos una vez m\u00e1s la tragedia y nos re\u00edmos para no llorar.<\/p>\n<p>&nbsp;<\/p>\n<p><strong>JUEVES 17 DE AGOSTO<\/strong><\/p>\n<p>20hs<br \/>\n Sala Auditorium Teatro del Bicentenario<\/p>\n<p><strong>Medea s\u00e9 sonal<\/strong><\/p>\n<p>OB caenum \u2013 teatro<\/p>\n<p>SAN JUAN<\/p>\n<p>Drama \/ J\u00f3venes (a partir de los 16 a\u00f1os) y adultos \/ 60 min.<\/p>\n<p style=\"text-align: justify;\">431 A.C. (a\u00f1o de la guerra del Peloponeso): Eur\u00edpides estrena Medea; luego, el mundo griego entra en decadencia. Desde entonces, Medea ha seguido asesinando a sus hijos. El pueblo la condena y s\u00f3lo el \u201cdeus ex machina\u201d la salva. 2015: un grupo de teatristas del oeste de la Argentina, delimita un espacio y reescribe el texto buscando en movimientos, gestos y tonos, algo de la m\u00edtica asesina y de \u00e9se pueblo de mujeres \u201crectas\u201d, para que les sea devuelto y cobre sentido hoy.<\/p>\n<p>&nbsp;<\/p>\n<p><strong>VIERNES 18 DE AGOSTO<\/strong><\/p>\n<p>21.30<br \/>\n Sala Auditorium Teatro del Bicentenario<\/p>\n<p><strong>Comuni\u00f3n<\/strong><\/p>\n<p>Pro \u2013 Danza<\/p>\n<p>LA RIOJA<\/p>\n<p>Danza Teatro \/ J\u00f3venes y adultos \/ 60 min.<\/p>\n<p style=\"text-align: justify;\">Comuni\u00f3n es una contemplaci\u00f3n reflexiva acerca de lo que la historia y la realidad nos deparan. En el centro de esa mirada, aparece un ser humano acorralado por apocal\u00edpticos vaticinios sobre su destino. Se cierne sobre \u00e9l, la inminencia de lo que fue y lo que ha de suceder. Ese l\u00edmite, en apariencia absoluto, est\u00e1 aut\u00e9nticamente condicionado por las principales dimensiones del destino. Tiempo y circunstancia. Irreversibilidad e inevitabilidad. Acto y epifan\u00eda.<\/p>\n<p>&nbsp;<\/p>","protected":false},"excerpt":{"rendered":"<p>\u00a0El Encuentro Regional del Teatro del Nuevo Cuyo 2017, Ciudad de San Juan, re\u00fane las tres primeras obras teatrales que fueron seleccionadas en las Fiestas Provinciales del Teatro de las provincias de La Rioja, Mendoza, San Juan y San Luis, ediciones 2016 y 2017. Entrada&#8230;<\/p>","protected":false},"author":4,"featured_media":16667,"comment_status":"closed","ping_status":"closed","sticky":false,"template":"","format":"standard","meta":{"h5ap_radio_sources":[],"footnotes":""},"categories":[99],"tags":[],"class_list":["post-16666","post","type-post","status-publish","format-standard","has-post-thumbnail","hentry","category-novedades"],"_links":{"self":[{"href":"https:\/\/www.teatrodelbicentenariosanjuan.org\/en\/wp-json\/wp\/v2\/posts\/16666","targetHints":{"allow":["GET"]}}],"collection":[{"href":"https:\/\/www.teatrodelbicentenariosanjuan.org\/en\/wp-json\/wp\/v2\/posts"}],"about":[{"href":"https:\/\/www.teatrodelbicentenariosanjuan.org\/en\/wp-json\/wp\/v2\/types\/post"}],"author":[{"embeddable":true,"href":"https:\/\/www.teatrodelbicentenariosanjuan.org\/en\/wp-json\/wp\/v2\/users\/4"}],"replies":[{"embeddable":true,"href":"https:\/\/www.teatrodelbicentenariosanjuan.org\/en\/wp-json\/wp\/v2\/comments?post=16666"}],"version-history":[{"count":1,"href":"https:\/\/www.teatrodelbicentenariosanjuan.org\/en\/wp-json\/wp\/v2\/posts\/16666\/revisions"}],"predecessor-version":[{"id":16668,"href":"https:\/\/www.teatrodelbicentenariosanjuan.org\/en\/wp-json\/wp\/v2\/posts\/16666\/revisions\/16668"}],"wp:featuredmedia":[{"embeddable":true,"href":"https:\/\/www.teatrodelbicentenariosanjuan.org\/en\/wp-json\/wp\/v2\/media\/16667"}],"wp:attachment":[{"href":"https:\/\/www.teatrodelbicentenariosanjuan.org\/en\/wp-json\/wp\/v2\/media?parent=16666"}],"wp:term":[{"taxonomy":"category","embeddable":true,"href":"https:\/\/www.teatrodelbicentenariosanjuan.org\/en\/wp-json\/wp\/v2\/categories?post=16666"},{"taxonomy":"post_tag","embeddable":true,"href":"https:\/\/www.teatrodelbicentenariosanjuan.org\/en\/wp-json\/wp\/v2\/tags?post=16666"}],"curies":[{"name":"wp","href":"https:\/\/api.w.org\/{rel}","templated":true}]}}