{"id":16720,"date":"2017-09-08T11:09:58","date_gmt":"2017-09-08T14:09:58","guid":{"rendered":"https:\/\/www.teatrodelbicentenariosanjuan.org\/?p=16720"},"modified":"2017-09-08T11:09:58","modified_gmt":"2017-09-08T14:09:58","slug":"se-cancela-mi-querido-mentiroso","status":"publish","type":"post","link":"https:\/\/www.teatrodelbicentenariosanjuan.org\/en\/novedades\/se-cancela-mi-querido-mentiroso\/","title":{"rendered":"Se cancela Mi Querido Mentiroso"},"content":{"rendered":"<p>La producci\u00f3n de Lito Cruz y Claribel Medina lamenta informar que, por razones de fuerza mayor, las funciones de la obra \u201cMi Querido Mentiroso\u201d, programadas para el 10\/9 a las 19 y 21hs en el Audit\u00f3rium del Teatro del Bicentenario, han sido CANCELADAS.<\/p>\n<p>En consecuencia, el Teatro del Bicentenario comunica a quienes adquirieron las entradas para dicho espect\u00e1culo, que el importe de las mismas ser\u00e1 reintegrado en la boleter\u00eda del Teatro.<\/p>","protected":false},"excerpt":{"rendered":"<p>La producci\u00f3n de Lito Cruz y Claribel Medina lamenta informar que, por razones de fuerza mayor, las funciones de la obra \u201cMi Querido Mentiroso\u201d, programadas para el 10\/9 a las 19 y 21hs en el Audit\u00f3rium del Teatro del Bicentenario, han sido CANCELADAS. En consecuencia,&#8230;<\/p>","protected":false},"author":4,"featured_media":16722,"comment_status":"closed","ping_status":"closed","sticky":false,"template":"","format":"standard","meta":{"h5ap_radio_sources":[],"footnotes":""},"categories":[99],"tags":[],"class_list":["post-16720","post","type-post","status-publish","format-standard","has-post-thumbnail","hentry","category-novedades"],"_links":{"self":[{"href":"https:\/\/www.teatrodelbicentenariosanjuan.org\/en\/wp-json\/wp\/v2\/posts\/16720","targetHints":{"allow":["GET"]}}],"collection":[{"href":"https:\/\/www.teatrodelbicentenariosanjuan.org\/en\/wp-json\/wp\/v2\/posts"}],"about":[{"href":"https:\/\/www.teatrodelbicentenariosanjuan.org\/en\/wp-json\/wp\/v2\/types\/post"}],"author":[{"embeddable":true,"href":"https:\/\/www.teatrodelbicentenariosanjuan.org\/en\/wp-json\/wp\/v2\/users\/4"}],"replies":[{"embeddable":true,"href":"https:\/\/www.teatrodelbicentenariosanjuan.org\/en\/wp-json\/wp\/v2\/comments?post=16720"}],"version-history":[{"count":1,"href":"https:\/\/www.teatrodelbicentenariosanjuan.org\/en\/wp-json\/wp\/v2\/posts\/16720\/revisions"}],"predecessor-version":[{"id":16723,"href":"https:\/\/www.teatrodelbicentenariosanjuan.org\/en\/wp-json\/wp\/v2\/posts\/16720\/revisions\/16723"}],"wp:featuredmedia":[{"embeddable":true,"href":"https:\/\/www.teatrodelbicentenariosanjuan.org\/en\/wp-json\/wp\/v2\/media\/16722"}],"wp:attachment":[{"href":"https:\/\/www.teatrodelbicentenariosanjuan.org\/en\/wp-json\/wp\/v2\/media?parent=16720"}],"wp:term":[{"taxonomy":"category","embeddable":true,"href":"https:\/\/www.teatrodelbicentenariosanjuan.org\/en\/wp-json\/wp\/v2\/categories?post=16720"},{"taxonomy":"post_tag","embeddable":true,"href":"https:\/\/www.teatrodelbicentenariosanjuan.org\/en\/wp-json\/wp\/v2\/tags?post=16720"}],"curies":[{"name":"wp","href":"https:\/\/api.w.org\/{rel}","templated":true}]}}