{"id":16725,"date":"2017-09-12T11:31:23","date_gmt":"2017-09-12T14:31:23","guid":{"rendered":"https:\/\/www.teatrodelbicentenariosanjuan.org\/?p=16725"},"modified":"2017-09-12T11:34:45","modified_gmt":"2017-09-12T14:34:45","slug":"suenos-de-libertad-vuelve-al-teatro-del-bicentenario-con-nueve-funciones","status":"publish","type":"post","link":"https:\/\/www.teatrodelbicentenariosanjuan.org\/en\/novedades\/suenos-de-libertad-vuelve-al-teatro-del-bicentenario-con-nueve-funciones\/","title":{"rendered":"\u201cSue\u00f1os de Libertad\u201d vuelve al Teatro del Bicentenario \u00a0con nueve funciones"},"content":{"rendered":"<p style=\"text-align: justify;\"><strong><em>8000 ni\u00f1os disfrutar\u00e1n de manera gratuita el espect\u00e1culo final de la Fiesta Nacional del Sol \u201cSue\u00f1os de Libertad: El Cruce de Los Andes\u201d. Adem\u00e1s, el s\u00e1bado habr\u00e1 una funci\u00f3n abierta a todo el p\u00fablico con entradas desde $50 a $100. \u00a0<\/em><\/strong><\/p>\n<p style=\"text-align: justify;\"><strong><em>\u200b<\/em><\/strong>Despu\u00e9s del entusiasmo que generaron las cuatro funciones de Sue\u00f1os de Libertad: El Cruce de Los Andes, realizadas en agosto, la obra vuelve al Teatro del Bicentenario. Esta vez habr\u00e1 nueve funciones, ocho estar\u00e1n destinadas a establecimientos escolares de toda la provincia y una ser\u00e1 para el p\u00fablico en general.<\/p>\n<p style=\"text-align: justify;\">En una experiencia in\u00e9dita, despu\u00e9s de la primera adaptaci\u00f3n, la escenograf\u00eda y el vestuario volver\u00e1n a cobrar vida con las nuevas puestas en escena y con la actuaci\u00f3n de al menos cien artistas.<\/p>\n<p style=\"text-align: justify;\">Las funciones para las escuelas ser\u00e1n los d\u00edas jueves 14, viernes 15, lunes 18 y martes 19 de septiembre a las 11 y 15.30 horas. 8000 ni\u00f1os disfrutar\u00e1n del espect\u00e1culo que evoca la haza\u00f1a del general San Mart\u00edn y el pueblo cuyano.<\/p>\n<p style=\"text-align: justify;\">El espect\u00e1culo abierto a todo el p\u00fablico ser\u00e1 el s\u00e1bado 16 de septiembre a las 21.30 hs. Las entradas para esta presentaci\u00f3n cuestan 50, 80 y 100 pesos. Est\u00e1n a la venta en la boleter\u00eda del teatro, de lunes a s\u00e1bado, de 10 a 20 hs. o en\u00a0<a href=\"http:\/\/www.tuentrada.com\/\" data-saferedirecturl=\"https:\/\/www.google.com\/url?hl=es&amp;q=http:\/\/www.tuentrada.com&amp;source=gmail&amp;ust=1505313644531000&amp;usg=AFQjCNHiuIaEWxR7kJrlcGZUI4VoVldVfQ\">www.tuentrada.com<\/a>.<\/p>\n<p style=\"text-align: justify;\">Al igual que en febrero, el argumento se desarrolla entre 1817,\u00a0 cuando San Mart\u00edn lider\u00f3 el Cruce de Los Andes, y 1850, el a\u00f1o de su fallecimiento. La historia se teje en torno a la figura de un general joven, anhelante por lograr la real independencia del pa\u00eds, y un hombre en sus \u00faltimos d\u00edas de vida, que recuerda las agitadas jornadas de la gesta. Los cuyanos, un pueblo con sue\u00f1os de libertad, acompa\u00f1an al pr\u00f3cer y se convierten en los protagonistas de la mayor epopeya del continente, por la liberaci\u00f3n de tres naciones.<\/p>\n<p>&nbsp;<\/p>\n\n\t\t<style type=\"text\/css\">\n\t\t\t#gallery-1 {\n\t\t\t\tmargin: auto;\n\t\t\t}\n\t\t\t#gallery-1 .gallery-item {\n\t\t\t\tfloat: left;\n\t\t\t\tmargin-top: 10px;\n\t\t\t\ttext-align: center;\n\t\t\t\twidth: 50%;\n\t\t\t}\n\t\t\t#gallery-1 img {\n\t\t\t\tborder: 2px solid #cfcfcf;\n\t\t\t}\n\t\t\t#gallery-1 .gallery-caption {\n\t\t\t\tmargin-left: 0;\n\t\t\t}\n\t\t\t\/* see gallery_shortcode() in wp-includes\/media.php *\/\n\t\t<\/style>\n\t\t<div id='gallery-1' class='gallery galleryid-16725 gallery-columns-2 gallery-size-large'><dl class='gallery-item'>\n\t\t\t<dt class='gallery-icon landscape'>\n\t\t\t\t<img loading=\"lazy\" decoding=\"async\" width=\"1024\" height=\"683\" src=\"https:\/\/www.teatrodelbicentenariosanjuan.org\/wp-content\/uploads\/2017\/09\/DSC_3981-1024x683.jpg\" class=\"attachment-large size-large\" alt=\"\" srcset=\"https:\/\/www.teatrodelbicentenariosanjuan.org\/wp-content\/uploads\/2017\/09\/DSC_3981-1024x683.jpg 1024w, https:\/\/www.teatrodelbicentenariosanjuan.org\/wp-content\/uploads\/2017\/09\/DSC_3981-150x100.jpg 150w, https:\/\/www.teatrodelbicentenariosanjuan.org\/wp-content\/uploads\/2017\/09\/DSC_3981-300x200.jpg 300w, https:\/\/www.teatrodelbicentenariosanjuan.org\/wp-content\/uploads\/2017\/09\/DSC_3981-768x512.jpg 768w, https:\/\/www.teatrodelbicentenariosanjuan.org\/wp-content\/uploads\/2017\/09\/DSC_3981-700x467.jpg 700w, https:\/\/www.teatrodelbicentenariosanjuan.org\/wp-content\/uploads\/2017\/09\/DSC_3981-500x333.jpg 500w\" sizes=\"auto, (max-width: 1024px) 100vw, 1024px\" \/>\n\t\t\t<\/dt><\/dl><dl class='gallery-item'>\n\t\t\t<dt class='gallery-icon landscape'>\n\t\t\t\t<img loading=\"lazy\" decoding=\"async\" width=\"1024\" height=\"683\" src=\"https:\/\/www.teatrodelbicentenariosanjuan.org\/wp-content\/uploads\/2017\/09\/DSC_4064-1024x683.jpg\" class=\"attachment-large size-large\" alt=\"\" srcset=\"https:\/\/www.teatrodelbicentenariosanjuan.org\/wp-content\/uploads\/2017\/09\/DSC_4064-1024x683.jpg 1024w, https:\/\/www.teatrodelbicentenariosanjuan.org\/wp-content\/uploads\/2017\/09\/DSC_4064-150x100.jpg 150w, https:\/\/www.teatrodelbicentenariosanjuan.org\/wp-content\/uploads\/2017\/09\/DSC_4064-300x200.jpg 300w, https:\/\/www.teatrodelbicentenariosanjuan.org\/wp-content\/uploads\/2017\/09\/DSC_4064-768x512.jpg 768w, https:\/\/www.teatrodelbicentenariosanjuan.org\/wp-content\/uploads\/2017\/09\/DSC_4064-700x467.jpg 700w, https:\/\/www.teatrodelbicentenariosanjuan.org\/wp-content\/uploads\/2017\/09\/DSC_4064-500x333.jpg 500w\" sizes=\"auto, (max-width: 1024px) 100vw, 1024px\" \/>\n\t\t\t<\/dt><\/dl><br style=\"clear: both\" \/><dl class='gallery-item'>\n\t\t\t<dt class='gallery-icon landscape'>\n\t\t\t\t<img loading=\"lazy\" decoding=\"async\" width=\"1024\" height=\"644\" src=\"https:\/\/www.teatrodelbicentenariosanjuan.org\/wp-content\/uploads\/2017\/09\/DSC_4231-1024x644.jpg\" class=\"attachment-large size-large\" alt=\"\" srcset=\"https:\/\/www.teatrodelbicentenariosanjuan.org\/wp-content\/uploads\/2017\/09\/DSC_4231-1024x644.jpg 1024w, https:\/\/www.teatrodelbicentenariosanjuan.org\/wp-content\/uploads\/2017\/09\/DSC_4231-150x94.jpg 150w, https:\/\/www.teatrodelbicentenariosanjuan.org\/wp-content\/uploads\/2017\/09\/DSC_4231-300x189.jpg 300w, https:\/\/www.teatrodelbicentenariosanjuan.org\/wp-content\/uploads\/2017\/09\/DSC_4231-768x483.jpg 768w, https:\/\/www.teatrodelbicentenariosanjuan.org\/wp-content\/uploads\/2017\/09\/DSC_4231-700x440.jpg 700w, https:\/\/www.teatrodelbicentenariosanjuan.org\/wp-content\/uploads\/2017\/09\/DSC_4231-500x314.jpg 500w\" sizes=\"auto, (max-width: 1024px) 100vw, 1024px\" \/>\n\t\t\t<\/dt><\/dl><dl class='gallery-item'>\n\t\t\t<dt class='gallery-icon landscape'>\n\t\t\t\t<img loading=\"lazy\" decoding=\"async\" width=\"1024\" height=\"629\" src=\"https:\/\/www.teatrodelbicentenariosanjuan.org\/wp-content\/uploads\/2017\/09\/DSC_4342-1024x629.jpg\" class=\"attachment-large size-large\" alt=\"\" srcset=\"https:\/\/www.teatrodelbicentenariosanjuan.org\/wp-content\/uploads\/2017\/09\/DSC_4342-1024x629.jpg 1024w, https:\/\/www.teatrodelbicentenariosanjuan.org\/wp-content\/uploads\/2017\/09\/DSC_4342-150x92.jpg 150w, https:\/\/www.teatrodelbicentenariosanjuan.org\/wp-content\/uploads\/2017\/09\/DSC_4342-300x184.jpg 300w, https:\/\/www.teatrodelbicentenariosanjuan.org\/wp-content\/uploads\/2017\/09\/DSC_4342-768x472.jpg 768w, https:\/\/www.teatrodelbicentenariosanjuan.org\/wp-content\/uploads\/2017\/09\/DSC_4342-700x430.jpg 700w, https:\/\/www.teatrodelbicentenariosanjuan.org\/wp-content\/uploads\/2017\/09\/DSC_4342-500x307.jpg 500w\" sizes=\"auto, (max-width: 1024px) 100vw, 1024px\" \/>\n\t\t\t<\/dt><\/dl><br style=\"clear: both\" \/><dl class='gallery-item'>\n\t\t\t<dt class='gallery-icon landscape'>\n\t\t\t\t<img loading=\"lazy\" decoding=\"async\" width=\"1024\" height=\"666\" src=\"https:\/\/www.teatrodelbicentenariosanjuan.org\/wp-content\/uploads\/2017\/09\/DSC_4411-1024x666.jpg\" class=\"attachment-large size-large\" alt=\"\" srcset=\"https:\/\/www.teatrodelbicentenariosanjuan.org\/wp-content\/uploads\/2017\/09\/DSC_4411-1024x666.jpg 1024w, https:\/\/www.teatrodelbicentenariosanjuan.org\/wp-content\/uploads\/2017\/09\/DSC_4411-150x98.jpg 150w, https:\/\/www.teatrodelbicentenariosanjuan.org\/wp-content\/uploads\/2017\/09\/DSC_4411-300x195.jpg 300w, https:\/\/www.teatrodelbicentenariosanjuan.org\/wp-content\/uploads\/2017\/09\/DSC_4411-768x500.jpg 768w, https:\/\/www.teatrodelbicentenariosanjuan.org\/wp-content\/uploads\/2017\/09\/DSC_4411-400x260.jpg 400w, https:\/\/www.teatrodelbicentenariosanjuan.org\/wp-content\/uploads\/2017\/09\/DSC_4411-700x455.jpg 700w, https:\/\/www.teatrodelbicentenariosanjuan.org\/wp-content\/uploads\/2017\/09\/DSC_4411-500x325.jpg 500w\" sizes=\"auto, (max-width: 1024px) 100vw, 1024px\" \/>\n\t\t\t<\/dt><\/dl><dl class='gallery-item'>\n\t\t\t<dt class='gallery-icon landscape'>\n\t\t\t\t<img loading=\"lazy\" decoding=\"async\" width=\"1024\" height=\"606\" src=\"https:\/\/www.teatrodelbicentenariosanjuan.org\/wp-content\/uploads\/2017\/09\/DSC_4444-1024x606.jpg\" class=\"attachment-large size-large\" alt=\"\" srcset=\"https:\/\/www.teatrodelbicentenariosanjuan.org\/wp-content\/uploads\/2017\/09\/DSC_4444-1024x606.jpg 1024w, https:\/\/www.teatrodelbicentenariosanjuan.org\/wp-content\/uploads\/2017\/09\/DSC_4444-150x89.jpg 150w, https:\/\/www.teatrodelbicentenariosanjuan.org\/wp-content\/uploads\/2017\/09\/DSC_4444-300x177.jpg 300w, https:\/\/www.teatrodelbicentenariosanjuan.org\/wp-content\/uploads\/2017\/09\/DSC_4444-768x454.jpg 768w, https:\/\/www.teatrodelbicentenariosanjuan.org\/wp-content\/uploads\/2017\/09\/DSC_4444-700x414.jpg 700w, https:\/\/www.teatrodelbicentenariosanjuan.org\/wp-content\/uploads\/2017\/09\/DSC_4444-500x296.jpg 500w\" sizes=\"auto, (max-width: 1024px) 100vw, 1024px\" \/>\n\t\t\t<\/dt><\/dl><br style=\"clear: both\" \/>\n\t\t<\/div>","protected":false},"excerpt":{"rendered":"<p>8000 ni\u00f1os disfrutar\u00e1n de manera gratuita el espect\u00e1culo final de la Fiesta Nacional del Sol \u201cSue\u00f1os de Libertad: El Cruce de Los Andes\u201d. Adem\u00e1s, el s\u00e1bado habr\u00e1 una funci\u00f3n abierta a todo el p\u00fablico con entradas desde $50 a $100. \u00a0 \u200bDespu\u00e9s del entusiasmo que&#8230;<\/p>","protected":false},"author":4,"featured_media":16726,"comment_status":"closed","ping_status":"closed","sticky":false,"template":"","format":"standard","meta":{"h5ap_radio_sources":[],"footnotes":""},"categories":[99],"tags":[],"class_list":["post-16725","post","type-post","status-publish","format-standard","has-post-thumbnail","hentry","category-novedades"],"_links":{"self":[{"href":"https:\/\/www.teatrodelbicentenariosanjuan.org\/en\/wp-json\/wp\/v2\/posts\/16725","targetHints":{"allow":["GET"]}}],"collection":[{"href":"https:\/\/www.teatrodelbicentenariosanjuan.org\/en\/wp-json\/wp\/v2\/posts"}],"about":[{"href":"https:\/\/www.teatrodelbicentenariosanjuan.org\/en\/wp-json\/wp\/v2\/types\/post"}],"author":[{"embeddable":true,"href":"https:\/\/www.teatrodelbicentenariosanjuan.org\/en\/wp-json\/wp\/v2\/users\/4"}],"replies":[{"embeddable":true,"href":"https:\/\/www.teatrodelbicentenariosanjuan.org\/en\/wp-json\/wp\/v2\/comments?post=16725"}],"version-history":[{"count":3,"href":"https:\/\/www.teatrodelbicentenariosanjuan.org\/en\/wp-json\/wp\/v2\/posts\/16725\/revisions"}],"predecessor-version":[{"id":16735,"href":"https:\/\/www.teatrodelbicentenariosanjuan.org\/en\/wp-json\/wp\/v2\/posts\/16725\/revisions\/16735"}],"wp:featuredmedia":[{"embeddable":true,"href":"https:\/\/www.teatrodelbicentenariosanjuan.org\/en\/wp-json\/wp\/v2\/media\/16726"}],"wp:attachment":[{"href":"https:\/\/www.teatrodelbicentenariosanjuan.org\/en\/wp-json\/wp\/v2\/media?parent=16725"}],"wp:term":[{"taxonomy":"category","embeddable":true,"href":"https:\/\/www.teatrodelbicentenariosanjuan.org\/en\/wp-json\/wp\/v2\/categories?post=16725"},{"taxonomy":"post_tag","embeddable":true,"href":"https:\/\/www.teatrodelbicentenariosanjuan.org\/en\/wp-json\/wp\/v2\/tags?post=16725"}],"curies":[{"name":"wp","href":"https:\/\/api.w.org\/{rel}","templated":true}]}}