{"id":17032,"date":"2017-12-21T10:32:14","date_gmt":"2017-12-21T13:32:14","guid":{"rendered":"https:\/\/www.teatrodelbicentenariosanjuan.org\/?p=17032"},"modified":"2017-12-21T10:42:12","modified_gmt":"2017-12-21T13:42:12","slug":"el-teatro-del-bicentenario-presenta-su-temporada-2018","status":"publish","type":"post","link":"https:\/\/www.teatrodelbicentenariosanjuan.org\/en\/novedades\/el-teatro-del-bicentenario-presenta-su-temporada-2018\/","title":{"rendered":"El Teatro del Bicentenario presenta su Temporada 2018"},"content":{"rendered":"<p><em><strong>El Ministerio de Turismo y Cultura, a trav\u00e9s del Teatro del Bicentenario, presenta hoy la temporada 2018 del nuevo polo cultural. Danza, Teatro, Conciertos, \u00d3pera, Ballets y Familia son los ejes en los que se asienta esta nueva programaci\u00f3n que promete ser sorprendente y que abarca los diferentes g\u00e9neros art\u00edsticos. \u00a0 <\/strong><\/em><\/p>\n<p>La ministra de Turismo y Cultura, Claudia Grynszpan, presenta hoy la programaci\u00f3n de la Temporada 2018 del Teatro del Bicentenario. En una breve presentaci\u00f3n con videos, se da a conocer los espect\u00e1culos que engalanar\u00e1n el escenario principal del Bicentenario durante 2018, que incluye <strong>23 t\u00edtulos y 50 funciones<\/strong> que se desarrollar\u00e1n de marzo a diciembre. La nueva Temporada del Teatro incluye entre sus obras algunas novedades especiales como la llegada de <strong>Jorge Drexler<\/strong>, con \u201cSalvavidas de Hielo\u201d, cantautor uruguayo reconocido internacionalmente; \u201c<strong>John Malkovich<\/strong>\u201d, el legendario actor estadounidense que interpreta a un paranoico dictador de un pa\u00eds ficticio en plena decadencia; \u201c<strong>Africa Umoja<\/strong>\u201d, una explosi\u00f3n de danza y canciones sudafricanas vista en m\u00e1s de 50 pa\u00edses alrededor del mundo; \u201c<strong>Don Carlo<\/strong>\u201d, la \u00f3pera prima que contar\u00e1 con m\u00e1s de 280 artistas en escena con un despliegue esc\u00e9nico impactante; \u201c<strong>Inti Huama<\/strong>\u201d, un homenaje al grupo musical que se form\u00f3 hace varias d\u00e9cadas y que supo representar a San Juan con su folclore a nivel internacional; \u201c<strong>La Bella Durmiente<\/strong>\u201d, el ballet que ser\u00e1 dirigido por Mario Galizzi , acompa\u00f1ado por la eximia bailarina sanjuanina, Victoria Balanza y un elenco de bailarines sanjuaninos que ser\u00e1n seleccionados mediante audici\u00f3n; el \u201c<strong>Teatro Negro de Praga<\/strong>\u201d, basado en el uso de la oscuridad total de la escena y con la luz ultravioleta los objetos cobran vida y se mueven de manera misteriosa e inesperada. La adaptaci\u00f3n del espect\u00e1culo final de la Fiesta Nacional del Sol 2018, \u201c<strong>Difunta Correa: Amor de Madre<\/strong>\u201d, un homenaje a la m\u00edtica figura de Deolinda Correa, \u00edcono popular y s\u00edmbolo de la protecci\u00f3n maternal; la \u00d3pera Tango, con \u201c<strong>Mar\u00eda de Buenos Aires<\/strong>\u201d, una original e in\u00e9dita puesta en escena producida integralmente por el Teatro del Bicentenario; \u201c<strong>Pixel<\/strong>\u201d, una po\u00e9tica mixtura entre la danza, y la tecnolog\u00eda; \u201c<strong>Aida<\/strong>\u201d, la \u00f3pera que cerrar\u00e1 la temporada en el Bicentenario, con una imponente puesta en escena, escenograf\u00eda y vestuario del Teatro Col\u00f3n y la participaci\u00f3n del Coro Universitario, la Orquesta de la FFHA de la UNSJ, bajo la direcci\u00f3n musical de Emmanuel Siffert y la direcci\u00f3n de escena de An\u00edbal L\u00e1piz; son algunos de los t\u00edtulos que se podr\u00e1n disfrutar en este segundo a\u00f1o que el Teatro del Bicentenario transita.<\/p>\n<p>A continuaci\u00f3n podr\u00e1 ver con mas detalle<\/p>\n<p><a href=\"https:\/\/www.teatrodelbicentenariosanjuan.org\/temporada2018\/\"><img loading=\"lazy\" decoding=\"async\" class=\"aligncenter  wp-image-16992\" src=\"https:\/\/www.teatrodelbicentenariosanjuan.org\/wp-content\/uploads\/2017\/12\/2018.jpg\" alt=\"\" width=\"299\" height=\"215\" srcset=\"https:\/\/www.teatrodelbicentenariosanjuan.org\/wp-content\/uploads\/2017\/12\/2018.jpg 670w, https:\/\/www.teatrodelbicentenariosanjuan.org\/wp-content\/uploads\/2017\/12\/2018-150x108.jpg 150w, https:\/\/www.teatrodelbicentenariosanjuan.org\/wp-content\/uploads\/2017\/12\/2018-300x215.jpg 300w, https:\/\/www.teatrodelbicentenariosanjuan.org\/wp-content\/uploads\/2017\/12\/2018-500x359.jpg 500w\" sizes=\"auto, (max-width: 299px) 100vw, 299px\" \/><\/a><\/p>","protected":false},"excerpt":{"rendered":"<p>El Ministerio de Turismo y Cultura, a trav\u00e9s del Teatro del Bicentenario, presenta hoy la temporada 2018 del nuevo polo cultural. Danza, Teatro, Conciertos, \u00d3pera, Ballets y Familia son los ejes en los que se asienta esta nueva programaci\u00f3n que promete ser sorprendente y que&#8230;<\/p>","protected":false},"author":1,"featured_media":17034,"comment_status":"closed","ping_status":"closed","sticky":false,"template":"","format":"standard","meta":{"h5ap_radio_sources":[],"footnotes":""},"categories":[99],"tags":[],"class_list":["post-17032","post","type-post","status-publish","format-standard","has-post-thumbnail","hentry","category-novedades"],"_links":{"self":[{"href":"https:\/\/www.teatrodelbicentenariosanjuan.org\/en\/wp-json\/wp\/v2\/posts\/17032","targetHints":{"allow":["GET"]}}],"collection":[{"href":"https:\/\/www.teatrodelbicentenariosanjuan.org\/en\/wp-json\/wp\/v2\/posts"}],"about":[{"href":"https:\/\/www.teatrodelbicentenariosanjuan.org\/en\/wp-json\/wp\/v2\/types\/post"}],"author":[{"embeddable":true,"href":"https:\/\/www.teatrodelbicentenariosanjuan.org\/en\/wp-json\/wp\/v2\/users\/1"}],"replies":[{"embeddable":true,"href":"https:\/\/www.teatrodelbicentenariosanjuan.org\/en\/wp-json\/wp\/v2\/comments?post=17032"}],"version-history":[{"count":1,"href":"https:\/\/www.teatrodelbicentenariosanjuan.org\/en\/wp-json\/wp\/v2\/posts\/17032\/revisions"}],"predecessor-version":[{"id":17033,"href":"https:\/\/www.teatrodelbicentenariosanjuan.org\/en\/wp-json\/wp\/v2\/posts\/17032\/revisions\/17033"}],"wp:featuredmedia":[{"embeddable":true,"href":"https:\/\/www.teatrodelbicentenariosanjuan.org\/en\/wp-json\/wp\/v2\/media\/17034"}],"wp:attachment":[{"href":"https:\/\/www.teatrodelbicentenariosanjuan.org\/en\/wp-json\/wp\/v2\/media?parent=17032"}],"wp:term":[{"taxonomy":"category","embeddable":true,"href":"https:\/\/www.teatrodelbicentenariosanjuan.org\/en\/wp-json\/wp\/v2\/categories?post=17032"},{"taxonomy":"post_tag","embeddable":true,"href":"https:\/\/www.teatrodelbicentenariosanjuan.org\/en\/wp-json\/wp\/v2\/tags?post=17032"}],"curies":[{"name":"wp","href":"https:\/\/api.w.org\/{rel}","templated":true}]}}