{"id":17257,"date":"2018-03-19T13:03:49","date_gmt":"2018-03-19T16:03:49","guid":{"rendered":"https:\/\/www.teatrodelbicentenariosanjuan.org\/?p=17257"},"modified":"2018-03-19T13:04:47","modified_gmt":"2018-03-19T16:04:47","slug":"espectaculo-para-bebes-olas-de-papel","status":"publish","type":"post","link":"https:\/\/www.teatrodelbicentenariosanjuan.org\/en\/novedades\/espectaculo-para-bebes-olas-de-papel\/","title":{"rendered":"Espect\u00e1culo para beb\u00e9s \u00abOlas de Papel\u00bb"},"content":{"rendered":"<p>Por primera vez llega teatro para beb\u00e9s al Bicentenario, un espect\u00e1culo lleno de magia y color pensado para los ni\u00f1os de 3 meses a 3 a\u00f1os. Esta innovadora propuesta se pondr\u00e1 en escena el domingo 25 de marzo, a las 18:30hs. en la Sala Auditorium, las entradas de $120 ya est\u00e1n disponibles en boleter\u00eda del Teatro y por www.tuentrada.com. <\/p>\n<p>El Ministerio de Turismo y Cultura, a trav\u00e9s del Teatro del Bicentenario, presenta en la sala Auditorium del teatro, un espect\u00e1culo destinado a beb\u00e9s de 3 meses a 3 a\u00f1os y sus acompa\u00f1antes.<br \/>\n\u201cOlas de papel\u201d, es la obra de la compa\u00f1\u00eda Coco Liso, creada por las actrices y directoras Ana Barletta y J\u00e9sica Josiowicz, estrenada en el 2015 con presentaciones en todo el pa\u00eds. La trama, narra la historia de dos actrices que emprenden una aventura al mar. Descubren sonidos, colores y nuevas sensaciones que las inmersa en ese universo m\u00e1gico y desconocido. Mariposas, p\u00e1jaros y serpientes las acompa\u00f1an hasta llegar a la orilla. Entre canciones y melod\u00edas compartidas anochece. La luz de la luna ti\u00f1e los colores con un nuevo brillo despertando el juego que invita la noche.<br \/>\nLa obra dura 30 minutos y al terminar la experiencia est\u00e9tica, los ni\u00f1os pueden interactuar con las actrices y con la escenograf\u00eda de la obra.<\/p>","protected":false},"excerpt":{"rendered":"<p>Por primera vez llega teatro para beb\u00e9s al Bicentenario, un espect\u00e1culo lleno de magia y color pensado para los ni\u00f1os de 3 meses a 3 a\u00f1os. Esta innovadora propuesta se pondr\u00e1 en escena el domingo 25 de marzo, a las 18:30hs. en la Sala Auditorium,&#8230;<\/p>","protected":false},"author":4,"featured_media":17259,"comment_status":"closed","ping_status":"closed","sticky":false,"template":"","format":"standard","meta":{"h5ap_radio_sources":[],"footnotes":""},"categories":[99],"tags":[],"class_list":["post-17257","post","type-post","status-publish","format-standard","has-post-thumbnail","hentry","category-novedades"],"_links":{"self":[{"href":"https:\/\/www.teatrodelbicentenariosanjuan.org\/en\/wp-json\/wp\/v2\/posts\/17257","targetHints":{"allow":["GET"]}}],"collection":[{"href":"https:\/\/www.teatrodelbicentenariosanjuan.org\/en\/wp-json\/wp\/v2\/posts"}],"about":[{"href":"https:\/\/www.teatrodelbicentenariosanjuan.org\/en\/wp-json\/wp\/v2\/types\/post"}],"author":[{"embeddable":true,"href":"https:\/\/www.teatrodelbicentenariosanjuan.org\/en\/wp-json\/wp\/v2\/users\/4"}],"replies":[{"embeddable":true,"href":"https:\/\/www.teatrodelbicentenariosanjuan.org\/en\/wp-json\/wp\/v2\/comments?post=17257"}],"version-history":[{"count":1,"href":"https:\/\/www.teatrodelbicentenariosanjuan.org\/en\/wp-json\/wp\/v2\/posts\/17257\/revisions"}],"predecessor-version":[{"id":17261,"href":"https:\/\/www.teatrodelbicentenariosanjuan.org\/en\/wp-json\/wp\/v2\/posts\/17257\/revisions\/17261"}],"wp:featuredmedia":[{"embeddable":true,"href":"https:\/\/www.teatrodelbicentenariosanjuan.org\/en\/wp-json\/wp\/v2\/media\/17259"}],"wp:attachment":[{"href":"https:\/\/www.teatrodelbicentenariosanjuan.org\/en\/wp-json\/wp\/v2\/media?parent=17257"}],"wp:term":[{"taxonomy":"category","embeddable":true,"href":"https:\/\/www.teatrodelbicentenariosanjuan.org\/en\/wp-json\/wp\/v2\/categories?post=17257"},{"taxonomy":"post_tag","embeddable":true,"href":"https:\/\/www.teatrodelbicentenariosanjuan.org\/en\/wp-json\/wp\/v2\/tags?post=17257"}],"curies":[{"name":"wp","href":"https:\/\/api.w.org\/{rel}","templated":true}]}}