{"id":17528,"date":"2018-07-31T19:14:01","date_gmt":"2018-07-31T22:14:01","guid":{"rendered":"https:\/\/www.teatrodelbicentenariosanjuan.org\/?p=17528"},"modified":"2018-07-31T19:14:01","modified_gmt":"2018-07-31T22:14:01","slug":"amor-de-madre-unac-presencio-la-ultima-funcion-y-agradecio-al-elenco","status":"publish","type":"post","link":"https:\/\/www.teatrodelbicentenariosanjuan.org\/en\/novedades\/amor-de-madre-unac-presencio-la-ultima-funcion-y-agradecio-al-elenco\/","title":{"rendered":"\u00abAmor de Madre\u00bb: U\u00f1ac presenci\u00f3 la \u00faltima funci\u00f3n y agradeci\u00f3 al elenco"},"content":{"rendered":"<p>La adaptaci\u00f3n de la obra \u201cAmor de Madre\u201d, el espect\u00e1culo final de la Fiesta Nacional del Sol 2018, se despidi\u00f3 hoy en el Teatro del Bicentenario ante la atenta mirada de alumnos de diferentes escuelas.\u00a0<\/p>\n<p>El gobernador Sergio U\u00f1ac, acompa\u00f1ado por la ministra de Turismo, Claudia Grynszpan y el subsecretario de Unidad de la Gobernaci\u00f3n, Luis Rueda presenci\u00f3 la \u00faltima funci\u00f3n del Espect\u00e1culo Final de la FNS 2018 adaptado para el Teatro del Bicentenario.<\/p>\n<p>En su arribo, el primer mandatario provincial salud\u00f3 a los chicos de establecimientos educativos que esperaban ingresar a la sala para vivir una experiencia \u00fanica, con efectos especiales, proyecciones y sonido de \u00faltima generaci\u00f3n en una puesta deslumbrante. Tambi\u00e9n, salud\u00f3 y felicit\u00f3 a los m\u00e1s de 130 actores y 70 t\u00e9cnicos que formaron parte de la obra que hoy subi\u00f3 a escena por \u00faltima vez.<\/p>\n<p>\u201cDifunta Correa, Amor de Madre\u201d, pas\u00f3 por el escenario del Bicentenario y fue un \u00e9xito rotundo.<\/p>\n<p>La adaptaci\u00f3n de la obra se hizo en 11 funciones, 7 de ellas para ni\u00f1os y 4 destinadas a p\u00fablico en general. En total, 10.000 espectadores entre sanjuaninos y turistas disfrutaron esta conmovedora historia de amor.<\/p>\n<p>La ministra de Turismo brind\u00f3 detalles sobre la adaptaci\u00f3n de la obra que se vio en el Aut\u00f3dromo \u201cEl Zonda\u201d. \u201cSubi\u00f3 a escena gran parte del elenco y la escenograf\u00eda que se vio en el Aut\u00f3dromo y el gobernador viene a saludar y agradecer a los artistas como al equipo t\u00e9cnico que han dirigido toda la obra\u201d.<\/p>\n<p>\u201cHaber adaptado la obra que se vio en el cierre de la Fiesta Nacional del Sol 2018 al Teatro del Bicentenario requiri\u00f3 un esfuerzo enorme, se adapt\u00f3 la parte art\u00edstica como as\u00ed tambi\u00e9n la escenograf\u00eda. Se optimiz\u00f3 lo que se cre\u00f3 para el espect\u00e1culo final en el Aut\u00f3dromo utilizando nuevamente vestuario, utiler\u00eda, video y m\u00fasica. En esta ocasi\u00f3n, quienes vinieron al Teatro se llevaron de regalo un CD con la m\u00fasica original del espect\u00e1culo\u201d, agreg\u00f3 Grynszpan.<\/p>\n<p>Por su parte, el gobernador U\u00f1ac manifest\u00f3 que \u201che quedado muy sorprendido al ver al ingresar gran cantidad de p\u00fablico a lo largo de todas las funciones. Ver toda la escenograf\u00eda que se vio proyectada en el espect\u00e1culo final de la Fiesta Nacional del Sol en el Teatro del Bicentenario nos llena de orgullo y generar ese contacto final con los artistas que participaron de esta puesta en escena nos llena de orgullo\u201d.<\/p>\n<p>Tambi\u00e9n destac\u00f3 que \u201cesta obra muestra que como sanjuaninos nos animamos no solo a mostrar bellezas naturales que est\u00e1n vinculadas a la geograf\u00eda sino que nos animamos a mostrar lo que podemos hacer desde lo m\u00e1s \u00edntimo como ser humano y que representa nuestra idiosincrasia y es un punto de encuentro entre sanjuaninos y un punto de atracci\u00f3n para quienes visitan la provincia no solo del pa\u00eds sino de otras partes del mundo\u201d<\/p>\n<p>Finalmente, el primer mandatario provincial destac\u00f3 que \u201cesta obra se realiz\u00f3 con inversi\u00f3n provincial desde lo econ\u00f3mico pero tambi\u00e9n desde lo humano porque todos los artistas son sanjuaninos, esto es un punto de crecimiento de la provincia, basamos el desarrollo cultural en las capacidades de cada quienes son parte de la cultura y el Estado tiene que estar promoviendo este tipo de actividades\u201d.<\/p>","protected":false},"excerpt":{"rendered":"<p>La adaptaci\u00f3n de la obra \u201cAmor de Madre\u201d, el espect\u00e1culo final de la Fiesta Nacional del Sol 2018, se despidi\u00f3 hoy en el Teatro del Bicentenario ante la atenta mirada de alumnos de diferentes escuelas.\u00a0 El gobernador Sergio U\u00f1ac, acompa\u00f1ado por la ministra de Turismo,&#8230;<\/p>","protected":false},"author":4,"featured_media":17533,"comment_status":"closed","ping_status":"closed","sticky":false,"template":"","format":"gallery","meta":{"h5ap_radio_sources":[],"footnotes":""},"categories":[99],"tags":[],"class_list":["post-17528","post","type-post","status-publish","format-gallery","has-post-thumbnail","hentry","category-novedades","post_format-post-format-gallery"],"_links":{"self":[{"href":"https:\/\/www.teatrodelbicentenariosanjuan.org\/en\/wp-json\/wp\/v2\/posts\/17528","targetHints":{"allow":["GET"]}}],"collection":[{"href":"https:\/\/www.teatrodelbicentenariosanjuan.org\/en\/wp-json\/wp\/v2\/posts"}],"about":[{"href":"https:\/\/www.teatrodelbicentenariosanjuan.org\/en\/wp-json\/wp\/v2\/types\/post"}],"author":[{"embeddable":true,"href":"https:\/\/www.teatrodelbicentenariosanjuan.org\/en\/wp-json\/wp\/v2\/users\/4"}],"replies":[{"embeddable":true,"href":"https:\/\/www.teatrodelbicentenariosanjuan.org\/en\/wp-json\/wp\/v2\/comments?post=17528"}],"version-history":[{"count":1,"href":"https:\/\/www.teatrodelbicentenariosanjuan.org\/en\/wp-json\/wp\/v2\/posts\/17528\/revisions"}],"predecessor-version":[{"id":17539,"href":"https:\/\/www.teatrodelbicentenariosanjuan.org\/en\/wp-json\/wp\/v2\/posts\/17528\/revisions\/17539"}],"wp:featuredmedia":[{"embeddable":true,"href":"https:\/\/www.teatrodelbicentenariosanjuan.org\/en\/wp-json\/wp\/v2\/media\/17533"}],"wp:attachment":[{"href":"https:\/\/www.teatrodelbicentenariosanjuan.org\/en\/wp-json\/wp\/v2\/media?parent=17528"}],"wp:term":[{"taxonomy":"category","embeddable":true,"href":"https:\/\/www.teatrodelbicentenariosanjuan.org\/en\/wp-json\/wp\/v2\/categories?post=17528"},{"taxonomy":"post_tag","embeddable":true,"href":"https:\/\/www.teatrodelbicentenariosanjuan.org\/en\/wp-json\/wp\/v2\/tags?post=17528"}],"curies":[{"name":"wp","href":"https:\/\/api.w.org\/{rel}","templated":true}]}}