{"id":17833,"date":"2018-10-11T17:31:44","date_gmt":"2018-10-11T20:31:44","guid":{"rendered":"https:\/\/www.teatrodelbicentenariosanjuan.org\/?p=17833"},"modified":"2018-10-11T17:32:33","modified_gmt":"2018-10-11T20:32:33","slug":"danzar-por-la-paz-ya-tiene-sus-bailarinas","status":"publish","type":"post","link":"https:\/\/www.teatrodelbicentenariosanjuan.org\/en\/novedades\/danzar-por-la-paz-ya-tiene-sus-bailarinas\/","title":{"rendered":"\u00abDanzar por la paz\u00bb ya tiene sus bailarinas"},"content":{"rendered":"<div class=\"itemHeader\">\n<div class=\"itemIntroText\">\n<p><span lang=\"ES\">M\u00e1s de 60 postulantes se presentaron a la convocatoria a<\/span><\/p>\n<p>El Ministerio de Turismo y Cultura, presentar\u00e1 el pr\u00f3ximo\u00a0<strong>1 de diciembre, en el Teatro del Bicentenario<\/strong>, la\u00a0<strong>5ta Edici\u00f3n 2018 del Danzar por la Paz<\/strong>\u00a0a beneficio de UNICEF; gala ben\u00e9fica de ballet y danza bajo la direcci\u00f3n general e idea de Leonardo Reale. En este marco, se llevaron a cabo las audiciones en las que se presentaron<strong>\u00a0m\u00e1s de 60 bailarinas sanjuaninas para ser parte del \u201cHimno de Apertura\u201d<\/strong>\u00a0de este espect\u00e1culo.<\/p>\n<p>La iniciativa creada por Leonardo Reale en el 2014, tiene la intenci\u00f3n de generar conciencia de la cultura de la paz y la no violencia a trav\u00e9s de la danza. El mismo Reale coment\u00f3: \u201cEs la primera vez que el evento sale al interior del pa\u00eds y la idea que se tuvo es de incluir a la mayor cantidad de bailarinas estudiantes de todas las academias sanjuaninas para hacer algo m\u00e1s inclusivo y que todas tengan la oportunidad de participar\u201d, afirm\u00f3.<\/p>\n<p>La pieza a interpretar es el \u201cHimno de Apertura\u201d, a lo que Reale agreg\u00f3, \u201cDesde el a\u00f1o 2015, \u201cDanzar por la Paz\u201d realiza un himno en el que tiene que haber ni\u00f1as y adolescentes. Le da a la apertura de esta funci\u00f3n los fundamentos que tiene UNICEF, que es trabajar sobre ellos, por eso se incluy\u00f3 este himno, que tiene distintos core\u00f3grafos seg\u00fan la edici\u00f3n y el lugar donde se est\u00e9 haciendo\u201d.<\/p>\n<p>Las bailarinas que quedaron seleccionadas son:<\/p>\n<ul>\n<li>Bianca Balverde<\/li>\n<li>Valentina Kuchen<\/li>\n<li>Candela V\u00e1squez<\/li>\n<li>Ana Carmela Fern\u00e1ndez M\u00e1rquez<\/li>\n<li>Victoria Rosario Mercado Neira<\/li>\n<li>Aldana Magal\u00ed Flores Alfonso<\/li>\n<li>Virginia Milagros Montiveros<\/li>\n<li>Delfina Cuevas<\/li>\n<li>Juliana Ribeyrolles<\/li>\n<li>Ma. Agustina Villa<\/li>\n<li>Margarita Barani<\/li>\n<li>Mar\u00eda del Valle Montes Conte Grand<\/li>\n<li>Guadalupe Vera Dom\u00ednguez<\/li>\n<li>Ma. Eleonora Vila<\/li>\n<li>Mar\u00eda Dolores Genest<\/li>\n<li>Paula D\u2019Angelo<\/li>\n<\/ul>\n<p>&nbsp;<\/p>\n<\/div>\n<\/div>","protected":false},"excerpt":{"rendered":"<p>M\u00e1s de 60 postulantes se presentaron a la convocatoria a El Ministerio de Turismo y Cultura, presentar\u00e1 el pr\u00f3ximo\u00a01 de diciembre, en el Teatro del Bicentenario, la\u00a05ta Edici\u00f3n 2018 del Danzar por la Paz\u00a0a beneficio de UNICEF; gala ben\u00e9fica de ballet y danza bajo la&#8230;<\/p>","protected":false},"author":4,"featured_media":17834,"comment_status":"closed","ping_status":"closed","sticky":false,"template":"","format":"standard","meta":{"h5ap_radio_sources":[],"footnotes":""},"categories":[99],"tags":[],"class_list":["post-17833","post","type-post","status-publish","format-standard","has-post-thumbnail","hentry","category-novedades"],"_links":{"self":[{"href":"https:\/\/www.teatrodelbicentenariosanjuan.org\/en\/wp-json\/wp\/v2\/posts\/17833","targetHints":{"allow":["GET"]}}],"collection":[{"href":"https:\/\/www.teatrodelbicentenariosanjuan.org\/en\/wp-json\/wp\/v2\/posts"}],"about":[{"href":"https:\/\/www.teatrodelbicentenariosanjuan.org\/en\/wp-json\/wp\/v2\/types\/post"}],"author":[{"embeddable":true,"href":"https:\/\/www.teatrodelbicentenariosanjuan.org\/en\/wp-json\/wp\/v2\/users\/4"}],"replies":[{"embeddable":true,"href":"https:\/\/www.teatrodelbicentenariosanjuan.org\/en\/wp-json\/wp\/v2\/comments?post=17833"}],"version-history":[{"count":1,"href":"https:\/\/www.teatrodelbicentenariosanjuan.org\/en\/wp-json\/wp\/v2\/posts\/17833\/revisions"}],"predecessor-version":[{"id":17835,"href":"https:\/\/www.teatrodelbicentenariosanjuan.org\/en\/wp-json\/wp\/v2\/posts\/17833\/revisions\/17835"}],"wp:featuredmedia":[{"embeddable":true,"href":"https:\/\/www.teatrodelbicentenariosanjuan.org\/en\/wp-json\/wp\/v2\/media\/17834"}],"wp:attachment":[{"href":"https:\/\/www.teatrodelbicentenariosanjuan.org\/en\/wp-json\/wp\/v2\/media?parent=17833"}],"wp:term":[{"taxonomy":"category","embeddable":true,"href":"https:\/\/www.teatrodelbicentenariosanjuan.org\/en\/wp-json\/wp\/v2\/categories?post=17833"},{"taxonomy":"post_tag","embeddable":true,"href":"https:\/\/www.teatrodelbicentenariosanjuan.org\/en\/wp-json\/wp\/v2\/tags?post=17833"}],"curies":[{"name":"wp","href":"https:\/\/api.w.org\/{rel}","templated":true}]}}