{"id":17872,"date":"2018-10-26T11:51:12","date_gmt":"2018-10-26T14:51:12","guid":{"rendered":"https:\/\/www.teatrodelbicentenariosanjuan.org\/?p=17872"},"modified":"2018-10-26T11:51:12","modified_gmt":"2018-10-26T14:51:12","slug":"cattaneo-se-prepara-para-brindar-dos-shows-increibles-en-el-tb","status":"publish","type":"post","link":"https:\/\/www.teatrodelbicentenariosanjuan.org\/en\/novedades\/cattaneo-se-prepara-para-brindar-dos-shows-increibles-en-el-tb\/","title":{"rendered":"Catt\u00e1neo se prepara para brindar dos shows incre\u00edbles en el TB"},"content":{"rendered":"<p>El DJ y productor argentino ya est\u00e1 en la provincia y ensay\u00f3 junto a la Orquesta Sinf\u00f3nica de la UNSJ. Este fin de semana se vienen dos conciertos imperdibles.\u00a0<\/p>\n<div class=\"itemImageBlock\">\n<div class=\"clr\">\u00a0<\/div>\n<\/div>\n<div class=\"itemFullText\">\n<p><strong>Catt\u00e1neo<\/strong>, una de las figuras indiscutidas entre los DJ de los escenarios internacionales, lleg\u00f3 ayer a San Juan y por la ma\u00f1ana\u00a0<strong>ensay\u00f3 junto con la Orquesta Sinf\u00f3nica de la UNSJ en el Teatro del Bicentenario.<\/strong><\/p>\n<p>El DJ y productor argentino aprovech\u00f3 la ocasi\u00f3n para invitar a todos los sanjuaninos al gran\u00a0<strong>concierto sinf\u00f3nico titulado \u201cConnected\u201d<\/strong>\u00a0que se realizar\u00e1 este 27 de octubre, a las 21:30hs. y el 28 de octubre, a las 20hs en el TB.\u00a0<\/p>\n<p>Durante el ensayo general que se extendi\u00f3 por m\u00e1s de una hora, el artista evalu\u00f3 el tipo de montaje sonoro junto a los m\u00fasicos de la sinf\u00f3nica bajo la direcci\u00f3n de Emmanuel Siffert.<\/p>\n<p>Los sanjuaninos este fin de semana disfrutar\u00e1n de dos conciertos incre\u00edbles.\u00a0 \u00abConnected\u00bb, que se present\u00f3 anteriormente con \u00e9xito en el Teatro Col\u00f3n de Buenos Aires, consiste en una innovadora puesta sonora y audiovisual que comprende un amplio repertorio de obras cl\u00e1sicas y contempor\u00e1neas de la m\u00fasica electr\u00f3nica y el pop internacional, con la fusi\u00f3n de instrumentos sinf\u00f3nicos de una orquesta.<\/p>\n<p>Cabe recordar que<strong>\u00a0a\u00fan hay entradas disponibles\u00a0<\/strong>en la boleter\u00eda del TB y \u00a0en el sitio web\u00a0<a href=\"http:\/\/www.tuentrada.com\/\">www.tuentrada.com.<\/a>\u00a0Los valores de los tickets van desde:\u00a0$ 800, $ 1.100, $ 1.600, $ 2.000 y $ 2.500,\u00a0dependiendo de la ubicaci\u00f3n.<\/p>\n<p>Aquellos amantes de la m\u00fasica electr\u00f3nica, j\u00f3venes productores y DJ tambi\u00e9n tendr\u00e1n la oportunidad de capacitarse en una\u00a0<strong>charla abierta que brindar\u00e1 el propio Hernan Catt\u00e1neo junto al reconocido DJ local Pablo Mart\u00edn.<\/strong>\u00a0El encuentro es gratuito y ser\u00e1 este s\u00e1bado de 16 a 17:30hs en la sala Auditorium del TB. Los interesados deben inscribirse al siguiente correo electr\u00f3nico:\u00a0<span id=\"cloak332c2bd8740859a12917a43bfc2c7fdc\"><a href=\"mailto:audionesteatrobicentenario@gmail.com\">audionesteatrobicentenario@gmail.com<\/a><\/span><\/p>\n<\/div>","protected":false},"excerpt":{"rendered":"<p>El DJ y productor argentino ya est\u00e1 en la provincia y ensay\u00f3 junto a la Orquesta Sinf\u00f3nica de la UNSJ. Este fin de semana se vienen dos conciertos imperdibles.\u00a0 \u00a0 Catt\u00e1neo, una de las figuras indiscutidas entre los DJ de los escenarios internacionales, lleg\u00f3 ayer&#8230;<\/p>","protected":false},"author":4,"featured_media":17873,"comment_status":"closed","ping_status":"closed","sticky":false,"template":"","format":"standard","meta":{"h5ap_radio_sources":[],"footnotes":""},"categories":[99],"tags":[],"class_list":["post-17872","post","type-post","status-publish","format-standard","has-post-thumbnail","hentry","category-novedades"],"_links":{"self":[{"href":"https:\/\/www.teatrodelbicentenariosanjuan.org\/en\/wp-json\/wp\/v2\/posts\/17872","targetHints":{"allow":["GET"]}}],"collection":[{"href":"https:\/\/www.teatrodelbicentenariosanjuan.org\/en\/wp-json\/wp\/v2\/posts"}],"about":[{"href":"https:\/\/www.teatrodelbicentenariosanjuan.org\/en\/wp-json\/wp\/v2\/types\/post"}],"author":[{"embeddable":true,"href":"https:\/\/www.teatrodelbicentenariosanjuan.org\/en\/wp-json\/wp\/v2\/users\/4"}],"replies":[{"embeddable":true,"href":"https:\/\/www.teatrodelbicentenariosanjuan.org\/en\/wp-json\/wp\/v2\/comments?post=17872"}],"version-history":[{"count":1,"href":"https:\/\/www.teatrodelbicentenariosanjuan.org\/en\/wp-json\/wp\/v2\/posts\/17872\/revisions"}],"predecessor-version":[{"id":17874,"href":"https:\/\/www.teatrodelbicentenariosanjuan.org\/en\/wp-json\/wp\/v2\/posts\/17872\/revisions\/17874"}],"wp:featuredmedia":[{"embeddable":true,"href":"https:\/\/www.teatrodelbicentenariosanjuan.org\/en\/wp-json\/wp\/v2\/media\/17873"}],"wp:attachment":[{"href":"https:\/\/www.teatrodelbicentenariosanjuan.org\/en\/wp-json\/wp\/v2\/media?parent=17872"}],"wp:term":[{"taxonomy":"category","embeddable":true,"href":"https:\/\/www.teatrodelbicentenariosanjuan.org\/en\/wp-json\/wp\/v2\/categories?post=17872"},{"taxonomy":"post_tag","embeddable":true,"href":"https:\/\/www.teatrodelbicentenariosanjuan.org\/en\/wp-json\/wp\/v2\/tags?post=17872"}],"curies":[{"name":"wp","href":"https:\/\/api.w.org\/{rel}","templated":true}]}}