{"id":17978,"date":"2018-11-06T11:19:12","date_gmt":"2018-11-06T14:19:12","guid":{"rendered":"https:\/\/www.teatrodelbicentenariosanjuan.org\/?p=17978"},"modified":"2018-11-06T11:57:46","modified_gmt":"2018-11-06T14:57:46","slug":"el-rey-de-egipto-sera-protagonizado-por-cristian-de-marco","status":"publish","type":"post","link":"https:\/\/www.teatrodelbicentenariosanjuan.org\/en\/novedades\/el-rey-de-egipto-sera-protagonizado-por-cristian-de-marco\/","title":{"rendered":"El Rey de Egipto ser\u00e1 protagonizado por Cristian de Marco"},"content":{"rendered":"<p style=\"text-align: justify;\">Naci\u00f3 en Buenos Aires. Su T\u00e9cnica Vocal estuvo en manos de los Mtros. M\u00f3nica Boffino, Carlos Iaquinta y el bar\u00edtono Ricardo Yost. Trabaja su repertorio con la Mtra. Susana Cardonnet. Su formaci\u00f3n actoral fue en la Escuela Nacional de Arte Dram\u00e1tico de Buenos Aires. En 2017 canta Alidoro, El Mago, de \u201cLa Cenicienta\u201d de Rossini, para el ciclo \u201cVamos al Col\u00f3n\u201d, con direcci\u00f3n del Mtro. C\u00e9sar Bustamante; participa de \u201cLa Traviata\u201d de Verdi, con direcci\u00f3n musical de Evelino Pid\u00f3 y puesta de Franco Zeffirelli. Ambas en el Teatro Col\u00f3n de Buenos Aires. Desde el 2010, integra el Coro Estable del Teatro Col\u00f3n. En 2016 particip\u00f3 del estreno iberoamericano de la \u00f3pera \u201cDie Soldaten\u201d de Zimmerman como Count Obrist, y cant\u00f3 El Ogro de \u201cEl gato con Botas\u201d de Montsalvage, ambas en el Teatro Col\u00f3n de Buenos Aires. Como El Ogro debut\u00f3 en el Teatro del Bicentenario de San Juan, en 2017. Debut\u00f3 el rol de El Inquisidor de \u201cThe Fiery Angel\u201d de Prokofiev, en el Teatro Col\u00f3n de Buenos Aires; y cant\u00f3 Le Bailli de \u201cWerther\u201d de Massenet. En la temporada 2014 del Teatro Col\u00f3n, integr\u00f3 los elencos de \u201cCal\u00edgula\u201d de Glannert, \u201cEl Barbero de Sevilla\u201d de Rossini, \u201cElektra\u201d de Strauss y particip\u00f3 del estreno mundial de \u201cRequiem\u201d de Strasnoy como The Governor. Como referente de la Comedia Musical Argentina, en la temporada 2009, fue seleccionado para integrar el elenco de \u201cEl Fantasma de la \u00d3pera\u201d de Andrew Lloyd Webber, dirigido por Harold Prince, en el Teatro \u00d3pera de Buenos Aires. Integr\u00f3 el Coro de C\u00e1mara de la Municipalidad de Tres de Febrero.<\/p>","protected":false},"excerpt":{"rendered":"<p>Naci\u00f3 en Buenos Aires. Su T\u00e9cnica Vocal estuvo en manos de los Mtros. M\u00f3nica Boffino, Carlos Iaquinta y el bar\u00edtono Ricardo Yost. Trabaja su repertorio con la Mtra. Susana Cardonnet. Su formaci\u00f3n actoral fue en la Escuela Nacional de Arte Dram\u00e1tico de Buenos Aires. En&#8230;<\/p>","protected":false},"author":4,"featured_media":17982,"comment_status":"closed","ping_status":"closed","sticky":false,"template":"","format":"standard","meta":{"h5ap_radio_sources":[],"footnotes":""},"categories":[99],"tags":[],"class_list":["post-17978","post","type-post","status-publish","format-standard","has-post-thumbnail","hentry","category-novedades"],"_links":{"self":[{"href":"https:\/\/www.teatrodelbicentenariosanjuan.org\/en\/wp-json\/wp\/v2\/posts\/17978","targetHints":{"allow":["GET"]}}],"collection":[{"href":"https:\/\/www.teatrodelbicentenariosanjuan.org\/en\/wp-json\/wp\/v2\/posts"}],"about":[{"href":"https:\/\/www.teatrodelbicentenariosanjuan.org\/en\/wp-json\/wp\/v2\/types\/post"}],"author":[{"embeddable":true,"href":"https:\/\/www.teatrodelbicentenariosanjuan.org\/en\/wp-json\/wp\/v2\/users\/4"}],"replies":[{"embeddable":true,"href":"https:\/\/www.teatrodelbicentenariosanjuan.org\/en\/wp-json\/wp\/v2\/comments?post=17978"}],"version-history":[{"count":2,"href":"https:\/\/www.teatrodelbicentenariosanjuan.org\/en\/wp-json\/wp\/v2\/posts\/17978\/revisions"}],"predecessor-version":[{"id":17983,"href":"https:\/\/www.teatrodelbicentenariosanjuan.org\/en\/wp-json\/wp\/v2\/posts\/17978\/revisions\/17983"}],"wp:featuredmedia":[{"embeddable":true,"href":"https:\/\/www.teatrodelbicentenariosanjuan.org\/en\/wp-json\/wp\/v2\/media\/17982"}],"wp:attachment":[{"href":"https:\/\/www.teatrodelbicentenariosanjuan.org\/en\/wp-json\/wp\/v2\/media?parent=17978"}],"wp:term":[{"taxonomy":"category","embeddable":true,"href":"https:\/\/www.teatrodelbicentenariosanjuan.org\/en\/wp-json\/wp\/v2\/categories?post=17978"},{"taxonomy":"post_tag","embeddable":true,"href":"https:\/\/www.teatrodelbicentenariosanjuan.org\/en\/wp-json\/wp\/v2\/tags?post=17978"}],"curies":[{"name":"wp","href":"https:\/\/api.w.org\/{rel}","templated":true}]}}