{"id":18049,"date":"2018-12-03T09:56:15","date_gmt":"2018-12-03T12:56:15","guid":{"rendered":"https:\/\/www.teatrodelbicentenariosanjuan.org\/?p=18049"},"modified":"2018-12-03T09:57:46","modified_gmt":"2018-12-03T12:57:46","slug":"danzar-por-la-paz-el-evento-a-beneficio-de-unicef-que-se-lucio-en-el-escenario","status":"publish","type":"post","link":"https:\/\/www.teatrodelbicentenariosanjuan.org\/en\/novedades\/danzar-por-la-paz-el-evento-a-beneficio-de-unicef-que-se-lucio-en-el-escenario\/","title":{"rendered":"Danzar por la paz, el evento a beneficio de Unicef que se luci\u00f3 en el escenario"},"content":{"rendered":"<div>El Ministerio de Turismo y Cultura present\u00f3 en el Teatro del Bicentenario a Danzar por la Paz.<\/div>\n<div>\u00a0<\/div>\n<div>\n<div class=\"itemFullText\">\n<div>\n<div>Danzar por la Paz surgi\u00f3 de la idea de su director General Leonardo Reale, de generar conciencia de cultura de paz y no violencia a trav\u00e9s de la danza. El encuentro re\u00fane distintas compa\u00f1\u00edas del pa\u00eds con las que llevan a cabo la puesta en escena, a beneficio de UNICEF y se present\u00f3 anoche en el Teatro del Bicentenario.<\/div>\n<div>Las compa\u00f1\u00edas que participaron en San Juan fueron: El Ballet Forkl\u00f3rico Latinoamericano de Santiago del Estero, el Ballet Contempor\u00e1neo de Salta, el Ballet del Centro del Conocimiento de Posadas, el Ballet Oficial de la Provincia de C\u00f3rdoba, la Vrtual Companhia de Dan\u00e7a de Brasil, el Ballet del Sur de Bahia Blanca y Momento del Teatro del Bicentenario de San Juan, acompa\u00f1ados por alumnas de escuelas sanjuaninas seleccionadas por concurso para interpretar el himno de Danzar por la Paz.<\/div>\n<div>\u00a0<\/div>\n<div>Leonardo Reale coment\u00f3: \u201cEs un evento que ya se realiz\u00f3 cinco veces en Buenos Aires y, por primera vez, sale de su capital al interior para presentarse en San Juan. En esta oportunidad se apreci\u00f3 un espect\u00e1culo muy variado, donde premi\u00f3 el ballet, tango, danza contempor\u00e1nea, folklore y el\u00a0 jazz\u201d.\u00a0<\/div>\n<div>Entre las coreograf\u00edas, se incluy\u00f3 a Momento, una producci\u00f3n propia del teatro sanjuanino, que se estren\u00f3 en la Temporada 2017. Cabe destacar que este elenco tuvo su exitosa premiere\u00a0 con Danzar por la Paz en octubre en el Teatro San Mart\u00edn de Buenos Aires.<\/div>\n<\/div>\n<\/div>\n<\/div>","protected":false},"excerpt":{"rendered":"<p>El Ministerio de Turismo y Cultura present\u00f3 en el Teatro del Bicentenario a Danzar por la Paz. \u00a0 Danzar por la Paz surgi\u00f3 de la idea de su director General Leonardo Reale, de generar conciencia de cultura de paz y no violencia a trav\u00e9s de&#8230;<\/p>","protected":false},"author":4,"featured_media":18050,"comment_status":"closed","ping_status":"closed","sticky":false,"template":"","format":"standard","meta":{"h5ap_radio_sources":[],"footnotes":""},"categories":[99],"tags":[],"class_list":["post-18049","post","type-post","status-publish","format-standard","has-post-thumbnail","hentry","category-novedades"],"_links":{"self":[{"href":"https:\/\/www.teatrodelbicentenariosanjuan.org\/en\/wp-json\/wp\/v2\/posts\/18049","targetHints":{"allow":["GET"]}}],"collection":[{"href":"https:\/\/www.teatrodelbicentenariosanjuan.org\/en\/wp-json\/wp\/v2\/posts"}],"about":[{"href":"https:\/\/www.teatrodelbicentenariosanjuan.org\/en\/wp-json\/wp\/v2\/types\/post"}],"author":[{"embeddable":true,"href":"https:\/\/www.teatrodelbicentenariosanjuan.org\/en\/wp-json\/wp\/v2\/users\/4"}],"replies":[{"embeddable":true,"href":"https:\/\/www.teatrodelbicentenariosanjuan.org\/en\/wp-json\/wp\/v2\/comments?post=18049"}],"version-history":[{"count":2,"href":"https:\/\/www.teatrodelbicentenariosanjuan.org\/en\/wp-json\/wp\/v2\/posts\/18049\/revisions"}],"predecessor-version":[{"id":18052,"href":"https:\/\/www.teatrodelbicentenariosanjuan.org\/en\/wp-json\/wp\/v2\/posts\/18049\/revisions\/18052"}],"wp:featuredmedia":[{"embeddable":true,"href":"https:\/\/www.teatrodelbicentenariosanjuan.org\/en\/wp-json\/wp\/v2\/media\/18050"}],"wp:attachment":[{"href":"https:\/\/www.teatrodelbicentenariosanjuan.org\/en\/wp-json\/wp\/v2\/media?parent=18049"}],"wp:term":[{"taxonomy":"category","embeddable":true,"href":"https:\/\/www.teatrodelbicentenariosanjuan.org\/en\/wp-json\/wp\/v2\/categories?post=18049"},{"taxonomy":"post_tag","embeddable":true,"href":"https:\/\/www.teatrodelbicentenariosanjuan.org\/en\/wp-json\/wp\/v2\/tags?post=18049"}],"curies":[{"name":"wp","href":"https:\/\/api.w.org\/{rel}","templated":true}]}}