{"id":18057,"date":"2018-12-05T15:07:59","date_gmt":"2018-12-05T18:07:59","guid":{"rendered":"https:\/\/www.teatrodelbicentenariosanjuan.org\/?p=18057"},"modified":"2018-12-05T15:07:59","modified_gmt":"2018-12-05T18:07:59","slug":"pequenos-musicos-promocionaron-x-vos-con-un-mini-concierto","status":"publish","type":"post","link":"https:\/\/www.teatrodelbicentenariosanjuan.org\/en\/novedades\/pequenos-musicos-promocionaron-x-vos-con-un-mini-concierto\/","title":{"rendered":"Peque\u00f1os m\u00fasicos promocionaron \u00abX Vos\u00bb con un mini concierto"},"content":{"rendered":"<p>A cuatro d\u00edas del evento, la Fundaci\u00f3n Orquesta Escuela brind\u00f3 un peque\u00f1o concierto en el Centro C\u00edvico para invitar al p\u00fablico al Encuentro de M\u00fasicos Solidarios.<\/p>\n<p>Por tercera vez consecutiva,\u00a0<strong>San Juan ser\u00e1 sede de \u201cX Vos\u201d<\/strong>. En esta oportunidad, el Encuentro de M\u00fasicos Solidarios tendr\u00e1 lugar en el Teatro del Bicentenario el pr\u00f3ximo 9 de diciembre a las 21 hs. En este marco, la ministra de Turismo y Cultura, Claudia Grynszpan, acompa\u00f1\u00f3 a los peque\u00f1os de la Fundaci\u00f3n Orquesta Escuela para promocionar el evento que ser\u00e1 a beneficio de dicha agrupaci\u00f3n.<\/p>\n<p>Cabe destacar que\u00a0<strong>la existencia y continuidad de la Orquesta Escuela San Juan es posible gracias al subsidio que recibe del Gobierno de la Provincia<\/strong>, el cual permite la formaci\u00f3n de los chicos y la ense\u00f1anza por parte de los profesores.<\/p>\n<p>Con esta propuesta, este domingo el p\u00fablico podr\u00e1 deleitarse con una\u00a0<strong>docena de canciones<\/strong>\u00a0<strong>con arreglos musicales exclusivos<\/strong>\u00a0interpretadas por unos 100 artistas sanjuaninos en escena, quienes vienen ensayando dos veces por semana desde hace dos meses aproximadamente.<\/p>\n<p>Las entradas de\u00a0<strong>$200, $250, $300 y $350<\/strong>, ya est\u00e1n a la venta en\u00a0<strong>boleter\u00eda del Teatro, de lunes a s\u00e1bado, de 10 a 20hs.<\/strong>\u00a0y por sistema<strong>\u00a0tuentrada.com.<\/strong>\u00a0Todo lo recaudado ser\u00e1 destinado a\u00a0<strong>beneficio de los alumnos de la Fundaci\u00f3n\u00a0<\/strong>que conduce el profesor Jorge Rodrigo. Esta instituci\u00f3n, tienen alumnos en varios departamentos y necesitan reparar y adquirir instrumentos para darle continuidad al proyecto.\u00a0<\/p>\n<p>La idea de que los m\u00fasicos sanjuaninos ya consagrados ayuden a quienes empiezan a dar sus primeros pasos en las orquestas escuela ha movilizado por completo a los artistas, quienes no paran de trabajar para llegar al d\u00eda del espect\u00e1culo totalmente afinados.\u00a0<\/p>","protected":false},"excerpt":{"rendered":"<p>A cuatro d\u00edas del evento, la Fundaci\u00f3n Orquesta Escuela brind\u00f3 un peque\u00f1o concierto en el Centro C\u00edvico para invitar al p\u00fablico al Encuentro de M\u00fasicos Solidarios. Por tercera vez consecutiva,\u00a0San Juan ser\u00e1 sede de \u201cX Vos\u201d. En esta oportunidad, el Encuentro de M\u00fasicos Solidarios tendr\u00e1&#8230;<\/p>","protected":false},"author":4,"featured_media":18058,"comment_status":"closed","ping_status":"closed","sticky":false,"template":"","format":"standard","meta":{"h5ap_radio_sources":[],"footnotes":""},"categories":[99],"tags":[],"class_list":["post-18057","post","type-post","status-publish","format-standard","has-post-thumbnail","hentry","category-novedades"],"_links":{"self":[{"href":"https:\/\/www.teatrodelbicentenariosanjuan.org\/en\/wp-json\/wp\/v2\/posts\/18057","targetHints":{"allow":["GET"]}}],"collection":[{"href":"https:\/\/www.teatrodelbicentenariosanjuan.org\/en\/wp-json\/wp\/v2\/posts"}],"about":[{"href":"https:\/\/www.teatrodelbicentenariosanjuan.org\/en\/wp-json\/wp\/v2\/types\/post"}],"author":[{"embeddable":true,"href":"https:\/\/www.teatrodelbicentenariosanjuan.org\/en\/wp-json\/wp\/v2\/users\/4"}],"replies":[{"embeddable":true,"href":"https:\/\/www.teatrodelbicentenariosanjuan.org\/en\/wp-json\/wp\/v2\/comments?post=18057"}],"version-history":[{"count":1,"href":"https:\/\/www.teatrodelbicentenariosanjuan.org\/en\/wp-json\/wp\/v2\/posts\/18057\/revisions"}],"predecessor-version":[{"id":18059,"href":"https:\/\/www.teatrodelbicentenariosanjuan.org\/en\/wp-json\/wp\/v2\/posts\/18057\/revisions\/18059"}],"wp:featuredmedia":[{"embeddable":true,"href":"https:\/\/www.teatrodelbicentenariosanjuan.org\/en\/wp-json\/wp\/v2\/media\/18058"}],"wp:attachment":[{"href":"https:\/\/www.teatrodelbicentenariosanjuan.org\/en\/wp-json\/wp\/v2\/media?parent=18057"}],"wp:term":[{"taxonomy":"category","embeddable":true,"href":"https:\/\/www.teatrodelbicentenariosanjuan.org\/en\/wp-json\/wp\/v2\/categories?post=18057"},{"taxonomy":"post_tag","embeddable":true,"href":"https:\/\/www.teatrodelbicentenariosanjuan.org\/en\/wp-json\/wp\/v2\/tags?post=18057"}],"curies":[{"name":"wp","href":"https:\/\/api.w.org\/{rel}","templated":true}]}}