{"id":18133,"date":"2018-12-11T15:14:54","date_gmt":"2018-12-11T18:14:54","guid":{"rendered":"https:\/\/www.teatrodelbicentenariosanjuan.org\/?p=18133"},"modified":"2018-12-11T15:28:30","modified_gmt":"2018-12-11T18:28:30","slug":"deborah-colker-brindara-una-charla-para-artistas-sanjuaninos","status":"publish","type":"post","link":"https:\/\/www.teatrodelbicentenariosanjuan.org\/en\/novedades\/deborah-colker-brindara-una-charla-para-artistas-sanjuaninos\/","title":{"rendered":"Deborah Colker brindar\u00e1 una charla para artistas sanjuaninos"},"content":{"rendered":"<p>La directora brasile\u00f1a dar\u00e1 una charla abierta en el Teatro del Bicentenario el jueves 13 de diciembre, a las 20:30hs, destinada a artistas de la provincia.<\/p>\n\n\n\n<p>El Ministerio de Turismo y Cultura presenta a la galardonada&nbsp;<strong>Compa\u00f1\u00eda Deborah Colker<\/strong>de danza en la Sala Principal del&nbsp;<strong>Teatro del Bicentenario<\/strong>&nbsp;el 13 y 14 de diciembre a las 21 30 hs con&nbsp;<strong>\u201cEl perro sin plumas\u201d<\/strong>. En este marco, la directora de la compa\u00f1\u00eda que lleva su nombre brindar\u00e1 una charla abierta-gratuita en la Sala de Marcaci\u00f3n del mismo teatro el&nbsp;<strong>jueves 13<\/strong>&nbsp;a las&nbsp;<strong>20:30<\/strong>&nbsp;hs.<\/p>\n\n\n\n<p>Dirigida a bailarines, core\u00f3grafos, cineastas, artistas pl\u00e1sticos, directores de teatro, m\u00fasicos, entre otros, la charla tendr\u00e1 en cuenta la producci\u00f3n de la obra&nbsp;<strong>\u201cEl perro sin plumas\u201d<\/strong>. Las&nbsp;<strong>acreditaciones<\/strong>&nbsp;se llevar\u00e1n a cabo el mismo jueves&nbsp;<strong>13<\/strong>&nbsp;a partir de las&nbsp;<strong>20<\/strong>&nbsp;hs en el&nbsp;<strong>Hall<\/strong>&nbsp;del teatro, con ingreso por la Plaza del Bicentenario.<\/p>\n\n\n\n<p>La charla estar\u00e1 orientada a la obra que se montar\u00e1 en el escenario del Teatro del Bicentenario que cuenta con una mixtura entre danza, artes visuales, m\u00fasica y escenograf\u00eda. Galardonada con el premio&nbsp;<strong>Benois de la Danza<\/strong>&nbsp;en Mosc\u00fa, Deborah Colker refleja una autoridad indiscutida en este \u00e1mbito.<\/p>\n\n\n\n<p>Deborah se inici\u00f3 en clases de piano y con la pr\u00e1ctica deportiva del volleyball. Comenz\u00f3 sus estudios de ballet y danza con el grupo liderado por la maestra uruguaya Graciela Figueiroa, Coringa. Invitada por la actriz Dina Sfat en 1984 a participar en la obra \u201cIrresist\u00edvel aventura\u201d, Deborah comenz\u00f3 lo que ser\u00eda el pilar de su carrera en los pr\u00f3ximos 10 a\u00f1os: directora de movimiento.<\/p>\n\n\n\n<p>Su trabajo dej\u00f3 una impresi\u00f3n duradera en docenas de producciones teatrales de las que form\u00f3 parte. En&nbsp;<strong>1994<\/strong>&nbsp;fund\u00f3 la Compa\u00f1\u00eda que lleva su nombre. En 2009, cre\u00f3&nbsp;<strong>\u201cOVO, un viaje por el mundo de los insectos\u201d<\/strong>, para el&nbsp;<strong>Cirque de Soleil.<\/strong>&nbsp;La presentaci\u00f3n r\u00e1pidamente tuvo \u00e9xito y arrib\u00f3 a Europa en 2017. En 2016, Deborah fue nombrada directora de movimiento para la ceremonia de apertura de los&nbsp;<strong>Juegos Ol\u00edmpicos de R\u00edo<\/strong>, coordinando a m\u00e1s de 3.000 personas.<\/p>","protected":false},"excerpt":{"rendered":"<p>La directora brasile\u00f1a dar\u00e1 una charla abierta en el Teatro del Bicentenario el jueves 13 de diciembre, a las 20:30hs, destinada a artistas de la provincia. El Ministerio de Turismo y Cultura presenta a la galardonada&nbsp;Compa\u00f1\u00eda Deborah Colkerde danza en la Sala Principal del&nbsp;Teatro del&#8230;<\/p>","protected":false},"author":4,"featured_media":18136,"comment_status":"closed","ping_status":"closed","sticky":false,"template":"","format":"standard","meta":{"h5ap_radio_sources":[],"footnotes":""},"categories":[99],"tags":[],"class_list":["post-18133","post","type-post","status-publish","format-standard","has-post-thumbnail","hentry","category-novedades"],"_links":{"self":[{"href":"https:\/\/www.teatrodelbicentenariosanjuan.org\/en\/wp-json\/wp\/v2\/posts\/18133","targetHints":{"allow":["GET"]}}],"collection":[{"href":"https:\/\/www.teatrodelbicentenariosanjuan.org\/en\/wp-json\/wp\/v2\/posts"}],"about":[{"href":"https:\/\/www.teatrodelbicentenariosanjuan.org\/en\/wp-json\/wp\/v2\/types\/post"}],"author":[{"embeddable":true,"href":"https:\/\/www.teatrodelbicentenariosanjuan.org\/en\/wp-json\/wp\/v2\/users\/4"}],"replies":[{"embeddable":true,"href":"https:\/\/www.teatrodelbicentenariosanjuan.org\/en\/wp-json\/wp\/v2\/comments?post=18133"}],"version-history":[{"count":1,"href":"https:\/\/www.teatrodelbicentenariosanjuan.org\/en\/wp-json\/wp\/v2\/posts\/18133\/revisions"}],"predecessor-version":[{"id":18134,"href":"https:\/\/www.teatrodelbicentenariosanjuan.org\/en\/wp-json\/wp\/v2\/posts\/18133\/revisions\/18134"}],"wp:featuredmedia":[{"embeddable":true,"href":"https:\/\/www.teatrodelbicentenariosanjuan.org\/en\/wp-json\/wp\/v2\/media\/18136"}],"wp:attachment":[{"href":"https:\/\/www.teatrodelbicentenariosanjuan.org\/en\/wp-json\/wp\/v2\/media?parent=18133"}],"wp:term":[{"taxonomy":"category","embeddable":true,"href":"https:\/\/www.teatrodelbicentenariosanjuan.org\/en\/wp-json\/wp\/v2\/categories?post=18133"},{"taxonomy":"post_tag","embeddable":true,"href":"https:\/\/www.teatrodelbicentenariosanjuan.org\/en\/wp-json\/wp\/v2\/tags?post=18133"}],"curies":[{"name":"wp","href":"https:\/\/api.w.org\/{rel}","templated":true}]}}