{"id":18697,"date":"2019-03-13T15:47:47","date_gmt":"2019-03-13T18:47:47","guid":{"rendered":"https:\/\/www.teatrodelbicentenariosanjuan.org\/?p=18697"},"modified":"2019-03-15T10:23:02","modified_gmt":"2019-03-15T13:23:02","slug":"el-teatro-del-bicentenario-presento-su-temporada-2019","status":"publish","type":"post","link":"https:\/\/www.teatrodelbicentenariosanjuan.org\/en\/novedades\/el-teatro-del-bicentenario-presento-su-temporada-2019\/","title":{"rendered":"El Teatro del Bicentenario present\u00f3 su temporada 2019"},"content":{"rendered":"<p>La nueva temporada del Teatro del Bicentenario abre las puertas al p\u00fablico el s\u00e1bado 16 de marzo, a las 21:30hs, con un excepcional\u00a0<strong>concierto<\/strong>\u00a0<strong>gratuito<\/strong>\u00a0de la mano del genial pianista irland\u00e9s\u00a0<strong>Barry Douglas<\/strong>, ganador del exigente concurso de Tchaikovsky. Los interesados en concurrir a la primera funci\u00f3n, deber\u00e1n retirar sus invitaciones por boleter\u00eda del teatro de 10 a 20hs.<\/p>\n<p>La sorprendente temporada, con \u00e9nfasis en la familia y diversa en g\u00e9neros art\u00edsticos, abarca desde la danza, conciertos, \u00f3pera, ballets y espect\u00e1culos especiales.<\/p>\n<p>Entre sus novedades, el TB presenta \u00ab<strong>Guerrero\u00bb<\/strong>, el vibrante espect\u00e1culo del m\u00e1s famoso bailaor espa\u00f1ol de flamenco que desafiar\u00e1 todos los sentidos. Desde Israel,\u00a0<strong>Voca People\u00a0<\/strong>traer\u00e1<strong>\u00a0<\/strong>el talento y la energ\u00eda presentando en un divertido espect\u00e1culo su incre\u00edble forma de usar la voz.<\/p>\n<p>En mayo, nuestro teatro se engalanar\u00e1, una vez m\u00e1s, con los colores patrios para celebrar un nuevo aniversario de la Revoluci\u00f3n de 1810 en el marco de la\u00a0<strong>Gala Patria<\/strong>. Una agrupaci\u00f3n de j\u00f3venes violinistas y violistas,\u00a0<strong>Indiana Virtuosi,<\/strong>\u00a0miembros de la Academia de la Jacobs School of Music de la Universidad de Indiana, deleitar\u00e1n al p\u00fablico con un repertorio vibrante.<\/p>\n<p>Cabe destacar que esta temporada incluye tres grandes realizaciones: \u201c<strong>Tannh\u00e4user para ni\u00f1os<\/strong>\u201d de Richard Wagner, bajo derechos y adaptaci\u00f3n del Festival de Bayreuth de Alemania, esta \u00f3pera est\u00e1 dirigida al p\u00fablico infantil. Por su parte,<strong>\u00a0<\/strong>\u201c<strong>El Mes\u00edas\u201d,\u00a0<\/strong>la inmortal obra de<strong>\u00a0<\/strong>H\u00e4ndel bajo la concepci\u00f3n coreogr\u00e1fica de Mauricio Wainrot<strong>,\u00a0<\/strong>quien incorpora a este ballet de estilo neocl\u00e1sico elementos contempor\u00e1neos dentro de un marco escenogr\u00e1fico di\u00e1fano y minimalista transformando la escena en un verdadero cielo. Con la mirada de Oscar Ar\u00e1iz, la tercera gran propuesta ser\u00e1<strong>\u00a0\u201cLa Consagraci\u00f3n de la Primavera\u201d,\u00a0<\/strong>este rito y<strong>\u00a0<\/strong>la liturgia festivos ser\u00e1n consagrados por un elenco de destacados bailarines solistas invitados y artistas sanjuaninos, dando vida a la m\u00fasica de Igor Stravinski.<\/p>\n<p>En julio el p\u00fablico podr\u00e1 revivir la fiesta m\u00e1s emblem\u00e1tica de los sanjuaninos, la Fiesta Nacional del Sol, que adapta su espect\u00e1culo final \u201c<strong>El calor de lo nuestro\u201d \u00a0<\/strong>al escenario del TB, recordando la fant\u00e1stica aventura de la siesta sanjuanina.<\/p>\n<p>El eximio violinista norteamericano- israel\u00ed Pinchas Zukerman, considerado uno de los int\u00e9rpretes m\u00e1s importantes de todos los tiempos, presentar\u00e1 al \u201c<strong>Zukerman Tr\u00edo\u201d,\u00a0<\/strong>transportando a los asistentes al exquisito mundo de la m\u00fasica de c\u00e1mara.<\/p>\n<p>En la celebraci\u00f3n del tercer aniversario, el TB propone una producci\u00f3n integral e in\u00e9dita de la Opera de Mozart\u00a0<strong>\u201cLa Flauta M\u00e1gica\u201d<\/strong>.<strong>\u00a0<\/strong>De la mano del ganador del premio Oscar, Eugenio Zanetti<strong>,\u00a0<\/strong>y con un elenco de destacadas figuras nacionales y artistas sanjuaninos, se representar\u00e1 esta concepci\u00f3n esc\u00e9nica original y especialmente producida por este teatro.<\/p>\n<p>Con una destacada trayectoria y, celebrando su 50\u00ba aniversario, llega al TB la\u00a0<strong>Antigua Jazz Band<\/strong>, ofreciendo lo\u00a0m\u00e1s recordado del\u00a0ragtime y del jazz tradicional negro, reviviendo su historia.\u00a0 El tango m\u00e1s representativo tambi\u00e9n subir\u00e1 a escena de la mano del\u00a0<strong>N\u00e9stor Marconi Quinteto.\u00a0<\/strong>N\u00e9stor Marconi, uno de los bandoneonistas y compositores m\u00e1s importantes de la historia recorri\u00f3, con el tango agazapado de su fuelle, los escenarios m\u00e1s lejanos. Una cita imperdible para los amantes de este g\u00e9nero.<\/p>\n<p>Cabe destacar que las \u00f3peras \u201cTanh\u00e4user para Ni\u00f1os\u201d y \u201cLa Flauta M\u00e1gica\u201d ser\u00e1n interpretadas por la Orquesta Sinf\u00f3nica de la FFHA de la UNSJ, bajo la batuta del maestro Emmanuel Siffert.\u00a0<\/p>","protected":false},"excerpt":{"rendered":"<p>La nueva temporada del Teatro del Bicentenario abre las puertas al p\u00fablico el s\u00e1bado 16 de marzo, a las 21:30hs, con un excepcional\u00a0concierto\u00a0gratuito\u00a0de la mano del genial pianista irland\u00e9s\u00a0Barry Douglas, ganador del exigente concurso de Tchaikovsky. Los interesados en concurrir a la primera funci\u00f3n, deber\u00e1n&#8230;<\/p>","protected":false},"author":4,"featured_media":18698,"comment_status":"closed","ping_status":"closed","sticky":false,"template":"","format":"standard","meta":{"h5ap_radio_sources":[],"footnotes":""},"categories":[99],"tags":[],"class_list":["post-18697","post","type-post","status-publish","format-standard","has-post-thumbnail","hentry","category-novedades"],"_links":{"self":[{"href":"https:\/\/www.teatrodelbicentenariosanjuan.org\/en\/wp-json\/wp\/v2\/posts\/18697","targetHints":{"allow":["GET"]}}],"collection":[{"href":"https:\/\/www.teatrodelbicentenariosanjuan.org\/en\/wp-json\/wp\/v2\/posts"}],"about":[{"href":"https:\/\/www.teatrodelbicentenariosanjuan.org\/en\/wp-json\/wp\/v2\/types\/post"}],"author":[{"embeddable":true,"href":"https:\/\/www.teatrodelbicentenariosanjuan.org\/en\/wp-json\/wp\/v2\/users\/4"}],"replies":[{"embeddable":true,"href":"https:\/\/www.teatrodelbicentenariosanjuan.org\/en\/wp-json\/wp\/v2\/comments?post=18697"}],"version-history":[{"count":2,"href":"https:\/\/www.teatrodelbicentenariosanjuan.org\/en\/wp-json\/wp\/v2\/posts\/18697\/revisions"}],"predecessor-version":[{"id":18715,"href":"https:\/\/www.teatrodelbicentenariosanjuan.org\/en\/wp-json\/wp\/v2\/posts\/18697\/revisions\/18715"}],"wp:featuredmedia":[{"embeddable":true,"href":"https:\/\/www.teatrodelbicentenariosanjuan.org\/en\/wp-json\/wp\/v2\/media\/18698"}],"wp:attachment":[{"href":"https:\/\/www.teatrodelbicentenariosanjuan.org\/en\/wp-json\/wp\/v2\/media?parent=18697"}],"wp:term":[{"taxonomy":"category","embeddable":true,"href":"https:\/\/www.teatrodelbicentenariosanjuan.org\/en\/wp-json\/wp\/v2\/categories?post=18697"},{"taxonomy":"post_tag","embeddable":true,"href":"https:\/\/www.teatrodelbicentenariosanjuan.org\/en\/wp-json\/wp\/v2\/tags?post=18697"}],"curies":[{"name":"wp","href":"https:\/\/api.w.org\/{rel}","templated":true}]}}