{"id":19146,"date":"2019-05-25T14:43:39","date_gmt":"2019-05-25T17:43:39","guid":{"rendered":"https:\/\/www.teatrodelbicentenariosanjuan.org\/?p=19146"},"modified":"2019-05-25T14:43:39","modified_gmt":"2019-05-25T17:43:39","slug":"una-gala-con-musica-y-danza-para-homenajear-a-la-patria-en-el-teatro-del-bicentenario","status":"publish","type":"post","link":"https:\/\/www.teatrodelbicentenariosanjuan.org\/en\/novedades\/una-gala-con-musica-y-danza-para-homenajear-a-la-patria-en-el-teatro-del-bicentenario\/","title":{"rendered":"Una Gala con m\u00fasica y danza para homenajear a la Patria en el Teatro del Bicentenario"},"content":{"rendered":"<p>Con un espect\u00e1culo de m\u00fasica y danza, Pueblo y Gobierno de San Juan comenzaron las celebraciones por el 209\u00b0 aniversario de la Revoluci\u00f3n de Mayo.<\/p>\n<p>La tradicional Gala Patria que se desarroll\u00f3 en el Teatro del Bicentenario fue presidida por el gobernador de la Provincia, Sergio U\u00f1ac, que concurri\u00f3 acompa\u00f1ado por\u00a0 su esposa, Silvana Rodr\u00edguez.<\/p>\n<p>De la velada tambi\u00e9n participaron el vicegobernador Marcelo Lima; el presidente de la Corte de Justicia, Guillermo De Sanctis; el intendente de la Ciudad de San Juan, Franco Aranda; ministros del Poder Ejecutivo, legisladores nacionales y provinciales, funcionarios de distintos organismos oficiales, intendentes municipales, autoridades de las fuerzas armadas y de seguridad, invitados especiales y p\u00fablico en general.<\/p>\n<p>El homenaje musical a la Patria estuvo a cargo de Claudio Rojas, acompa\u00f1ado por el Jonathan Vera Tr\u00edo, integrado de guitarra, bajo y guitarr\u00f3n.<\/p>\n<p>En la segunda parte se present\u00f3 el Mora Godoy Tango Company, el grupo de tango que encabeza la afamada bailarina Mora Godoy, que junto a Cristian, una de sus parejas, cautivaron a los presentes con sus bailes de tango y milongas, con el acompa\u00f1amiento de la orquesta del maestro Fernando Marz\u00e1n.<\/p>\n<p>En un momento del show, Mora Godoy interactu\u00f3 con el p\u00fablico y es as\u00ed como Dario Montivero, un joven sanjuanino, dej\u00f3 su butaca para sumarse por un instante al baile del 2&#215;4.<\/p>\n<p>Otro grupo de bailarines puso el toque moderno a la danza con acordes de tango electr\u00f3nico.<\/p>\n<p>La parte tradicionalista del baile \u00a0lo aportaron dos artistas que cautivaron al p\u00fablico con el Malambo y destrezas con bombo y boleadoras.<\/p>\n<p>Concluido el espect\u00e1culo art\u00edstico y minutos antes de la medianoche subieron al escenario el Coro de la Universidad Nacional de San Juan, dirigido por el maestro Jorge Romero y Claudio Rojas con sus m\u00fasicos para entonar el Himno Nacional Argentino ejecutado instrumentalmente por la orquesta de Marz\u00e1n.<\/p>\n<p>Tambi\u00e9n ingresaron al escenario la bandera de guerra del Destacamento de Infanter\u00eda de Monta\u00f1a (DIM 22) y la bandera de ceremonias de la Federaci\u00f3n Gaucha de San Juan.<\/p>\n<h2>San Juan tiene motivos para festejar<\/h2>\n<p>Antes de comenzar el espect\u00e1culo, el gobernador U\u00f1ac expres\u00f3 su satisfacci\u00f3n de poder estar presente en el Teatro de Bicentenario, en otra forma de utilizaci\u00f3n del centro cultural para presenciar la gala previa al 25 de Mayo,\u00a0<strong>para alegr\u00eda de los sanjuaninos y de los turistas que visitan la provincia<\/strong>.<\/p>\n<p>El primer mandatario destac\u00f3 adem\u00e1s las distintas actividades que se han preparado para recordar un nuevo aniversario de la Revoluci\u00f3n de Mayo, como el<a href=\"https:\/\/sisanjuan.gob.ar\/secciones\/gobernador\/item\/14661-los-sanjuaninos-festejaran-un-nuevo-aniversario-de-la-patria\" target=\"_blank\" rel=\"noopener noreferrer\">\u00a0tradicional desfile c\u00edvico militar en las calles c\u00e9ntricas<\/a>\u00a0y el\u00a0<a href=\"https:\/\/sisanjuan.gob.ar\/noticias-turismo-y-cultura\/item\/14644-una-gran-propuesta-para-festejar-el-dia-de-la-patria-en-familia\" target=\"_blank\" rel=\"noopener noreferrer\">gran espect\u00e1culo que se ha previsto en la tarde el 25 en el Predio Ferial de Chimbas<\/a>.<\/p>\n<p>En otro momento U\u00f1ac resalt\u00f3 la gran repercusi\u00f3n que a nivel pa\u00eds ha tenido la emisi\u00f3n desde San Juan de ShowMatch, que conduce Marcelo Tinelli, en esta ocasi\u00f3n desde el estadio cubierto Aldo Cantoni, con dos noches a pleno de p\u00fablico.<\/p>\n<p>La primera autoridad provincial enfatiz\u00f3 que\u00a0<strong>San Juan tiene motivos para estar de fiesta<\/strong>, y en definitiva lo que se estaba haciendo es mirar nuestra historia para hacerla parte de nuestro presente y a partir de ah\u00ed mirar el futuro que debemos construir entre todos.<\/p>\n<p>El gobernador tambi\u00e9n agradeci\u00f3 los elogios que previamente Mora Godoy virti\u00f3 sobre el Teatro de Bicentenario, una opini\u00f3n m\u00e1s que valedera por tratarse de una artista argentina que ha recorrido los escenarios m\u00e1s importantes del mundo.<\/p>\n<p>Para concluir y sobre la trascendencia del nuevo aniversario patrio, U\u00f1ac expres\u00f3 su deseo de\u00a0<strong>que los argentinos podamos encontrar un pa\u00eds que genere oportunidades para todos y que haciendo fuerza podamos salir adelante, como San Juan que ha encontrado su camino y por eso tiene motivos para festejar.<\/strong><\/p>","protected":false},"excerpt":{"rendered":"<p>Con un espect\u00e1culo de m\u00fasica y danza, Pueblo y Gobierno de San Juan comenzaron las celebraciones por el 209\u00b0 aniversario de la Revoluci\u00f3n de Mayo. La tradicional Gala Patria que se desarroll\u00f3 en el Teatro del Bicentenario fue presidida por el gobernador de la Provincia,&#8230;<\/p>","protected":false},"author":4,"featured_media":19147,"comment_status":"closed","ping_status":"closed","sticky":false,"template":"","format":"standard","meta":{"h5ap_radio_sources":[],"footnotes":""},"categories":[99],"tags":[],"class_list":["post-19146","post","type-post","status-publish","format-standard","has-post-thumbnail","hentry","category-novedades"],"_links":{"self":[{"href":"https:\/\/www.teatrodelbicentenariosanjuan.org\/en\/wp-json\/wp\/v2\/posts\/19146","targetHints":{"allow":["GET"]}}],"collection":[{"href":"https:\/\/www.teatrodelbicentenariosanjuan.org\/en\/wp-json\/wp\/v2\/posts"}],"about":[{"href":"https:\/\/www.teatrodelbicentenariosanjuan.org\/en\/wp-json\/wp\/v2\/types\/post"}],"author":[{"embeddable":true,"href":"https:\/\/www.teatrodelbicentenariosanjuan.org\/en\/wp-json\/wp\/v2\/users\/4"}],"replies":[{"embeddable":true,"href":"https:\/\/www.teatrodelbicentenariosanjuan.org\/en\/wp-json\/wp\/v2\/comments?post=19146"}],"version-history":[{"count":1,"href":"https:\/\/www.teatrodelbicentenariosanjuan.org\/en\/wp-json\/wp\/v2\/posts\/19146\/revisions"}],"predecessor-version":[{"id":19148,"href":"https:\/\/www.teatrodelbicentenariosanjuan.org\/en\/wp-json\/wp\/v2\/posts\/19146\/revisions\/19148"}],"wp:featuredmedia":[{"embeddable":true,"href":"https:\/\/www.teatrodelbicentenariosanjuan.org\/en\/wp-json\/wp\/v2\/media\/19147"}],"wp:attachment":[{"href":"https:\/\/www.teatrodelbicentenariosanjuan.org\/en\/wp-json\/wp\/v2\/media?parent=19146"}],"wp:term":[{"taxonomy":"category","embeddable":true,"href":"https:\/\/www.teatrodelbicentenariosanjuan.org\/en\/wp-json\/wp\/v2\/categories?post=19146"},{"taxonomy":"post_tag","embeddable":true,"href":"https:\/\/www.teatrodelbicentenariosanjuan.org\/en\/wp-json\/wp\/v2\/tags?post=19146"}],"curies":[{"name":"wp","href":"https:\/\/api.w.org\/{rel}","templated":true}]}}