{"id":19155,"date":"2019-05-28T10:05:08","date_gmt":"2019-05-28T13:05:08","guid":{"rendered":"https:\/\/www.teatrodelbicentenariosanjuan.org\/?p=19155"},"modified":"2019-05-28T10:05:08","modified_gmt":"2019-05-28T13:05:08","slug":"comenzo-con-exito-el-festival-de-indiana","status":"publish","type":"post","link":"https:\/\/www.teatrodelbicentenariosanjuan.org\/en\/novedades\/comenzo-con-exito-el-festival-de-indiana\/","title":{"rendered":"Comenz\u00f3 con \u00e9xito el Festival de Indiana"},"content":{"rendered":"<p>Cerca de 200 j\u00f3venes m\u00fasicos son parte de una formaci\u00f3n intensiva que comenz\u00f3 hoy y se extender\u00e1 hasta el 7 de junio en el Teatro del Bicentenario.<\/p>\n<p>El<strong>\u00a0<a href=\"https:\/\/sisanjuan.gob.ar\/noticias-turismo-y-cultura\/item\/14470-indiana-virtuosi-una-imperdible-velada-musical-llena-de-frescura\">Festival de Indiana<\/a>\u00a0revolucion\u00f3 San Juan<\/strong>\u00a0con la gran convocatoria de m\u00fasicos j\u00f3venes que tomar\u00e1n clases durante 12 d\u00edas con los prestigiosos profesores de la \u201cJacobs School of Music\u201d de la Universidad de Indiana. Estos profesionales dedican largas horas a los alumnos, en su mayor\u00eda sanjuaninos, pero con un alto porcentaje de estudiantes provenientes de otras provincias como Salta, C\u00f3rdoba y La Rioja, entre otras.<\/p>\n<p>Adem\u00e1s, tanto participantes como p\u00fablico en general podr\u00e1n disfrutar de\u00a0<strong>conciertos y recitales gratuitos<\/strong>. Vera Quartet (foto) ser\u00e1 la agrupaci\u00f3n de cuerdas que dar\u00e1 inicio a la serie de recitales y conciertos gratuitos, que subir\u00e1 al escenario de la Sala Auditorium el martes 28 de mayo, a las 20hs.<\/p>\n<p>El Vera Quartet es el antiguo Cuarteto de Residencia en la Universidad Jacobs de la Escuela de M\u00fasica de Indiana &#8211; y como Cuarteto de Residencia en el Curtis Instituto de M\u00fasica para 2018-2020 y est\u00e1 integrado por los violinistas Pedro Rodr\u00edguez y Patricia Quintero Garc\u00eda, la violista In\u00e9s Picado Molares y el violonchelista Justin Goldsmith.\u00a0<\/p>\n<p>Los cuatro ganadores fueron seleccionados entre cientos de aspirantes, y luego de una serie de audiciones en vivo y rondas de entrevistas.<\/p>\n<p>El Festival Indiana 2019 est\u00e1 organizado por el\u00a0<strong>Ministerio de Turismo y Cultura,<\/strong>\u00a0a trav\u00e9s del<strong>\u00a0Teatro del Bicentenario de San Juan,<\/strong>\u00a0en colaboraci\u00f3n con la Universidad Nacional de San Juan, Fundaci\u00f3n Banco San Juan y Mozarteum Argentino San Juan, y cuenta con el subsidio de la Embajada de Estados Unidos en Argentina, a trav\u00e9s del Programa de Fondos para Proyectos de Cooperaci\u00f3n e Intercambio.<\/p>","protected":false},"excerpt":{"rendered":"<p>Cerca de 200 j\u00f3venes m\u00fasicos son parte de una formaci\u00f3n intensiva que comenz\u00f3 hoy y se extender\u00e1 hasta el 7 de junio en el Teatro del Bicentenario. El\u00a0Festival de Indiana\u00a0revolucion\u00f3 San Juan\u00a0con la gran convocatoria de m\u00fasicos j\u00f3venes que tomar\u00e1n clases durante 12 d\u00edas con&#8230;<\/p>","protected":false},"author":4,"featured_media":19156,"comment_status":"closed","ping_status":"closed","sticky":false,"template":"","format":"standard","meta":{"h5ap_radio_sources":[],"footnotes":""},"categories":[99],"tags":[],"class_list":["post-19155","post","type-post","status-publish","format-standard","has-post-thumbnail","hentry","category-novedades"],"_links":{"self":[{"href":"https:\/\/www.teatrodelbicentenariosanjuan.org\/en\/wp-json\/wp\/v2\/posts\/19155","targetHints":{"allow":["GET"]}}],"collection":[{"href":"https:\/\/www.teatrodelbicentenariosanjuan.org\/en\/wp-json\/wp\/v2\/posts"}],"about":[{"href":"https:\/\/www.teatrodelbicentenariosanjuan.org\/en\/wp-json\/wp\/v2\/types\/post"}],"author":[{"embeddable":true,"href":"https:\/\/www.teatrodelbicentenariosanjuan.org\/en\/wp-json\/wp\/v2\/users\/4"}],"replies":[{"embeddable":true,"href":"https:\/\/www.teatrodelbicentenariosanjuan.org\/en\/wp-json\/wp\/v2\/comments?post=19155"}],"version-history":[{"count":1,"href":"https:\/\/www.teatrodelbicentenariosanjuan.org\/en\/wp-json\/wp\/v2\/posts\/19155\/revisions"}],"predecessor-version":[{"id":19157,"href":"https:\/\/www.teatrodelbicentenariosanjuan.org\/en\/wp-json\/wp\/v2\/posts\/19155\/revisions\/19157"}],"wp:featuredmedia":[{"embeddable":true,"href":"https:\/\/www.teatrodelbicentenariosanjuan.org\/en\/wp-json\/wp\/v2\/media\/19156"}],"wp:attachment":[{"href":"https:\/\/www.teatrodelbicentenariosanjuan.org\/en\/wp-json\/wp\/v2\/media?parent=19155"}],"wp:term":[{"taxonomy":"category","embeddable":true,"href":"https:\/\/www.teatrodelbicentenariosanjuan.org\/en\/wp-json\/wp\/v2\/categories?post=19155"},{"taxonomy":"post_tag","embeddable":true,"href":"https:\/\/www.teatrodelbicentenariosanjuan.org\/en\/wp-json\/wp\/v2\/tags?post=19155"}],"curies":[{"name":"wp","href":"https:\/\/api.w.org\/{rel}","templated":true}]}}