{"id":19175,"date":"2019-06-05T15:56:07","date_gmt":"2019-06-05T18:56:07","guid":{"rendered":"https:\/\/www.teatrodelbicentenariosanjuan.org\/?p=19175"},"modified":"2019-06-05T16:00:47","modified_gmt":"2019-06-05T19:00:47","slug":"vacaciones-de-invierno-a-puro-flamenco-en-el-teatro-del-bicentenario","status":"publish","type":"post","link":"https:\/\/www.teatrodelbicentenariosanjuan.org\/en\/novedades\/vacaciones-de-invierno-a-puro-flamenco-en-el-teatro-del-bicentenario\/","title":{"rendered":"Vacaciones de invierno a puro flamenco en el Teatro del Bicentenario"},"content":{"rendered":"<p style=\"text-align: left;\">Ya est\u00e1n a la venta las entradas para \u00abTablao Flamenco\u201d, espect\u00e1culo que contar\u00e1 con la participaci\u00f3n especial de la bailaora Palmira Dur\u00e1n.<\/p>\n<p>El 17 y 18 de julio, a las 21:30hs., en la Sala Audit\u00f3rium del Teatro del Bicentenario se presentar\u00e1\u00a0\u201c<strong>Tablao Flamenco<\/strong>\u201d, un espect\u00e1culo de flamenco tradicional con la participaci\u00f3n especial de la bailaora espa\u00f1ola\u00a0<strong>Palmira Dur\u00e1n<\/strong>, acompa\u00f1ada por bailaores locales y m\u00fasicos en vivo que llegar\u00e1n desde las provincias de Buenos Aires y Mendoza.<\/p>\n<p>Guitarra, canto y baile se unen para poner a disposici\u00f3n del p\u00fablico sanjuanino la esencia y el duende del pueblo gitano y de toda Andaluc\u00eda.\u00a0<strong>La entrada general anticipada es de $350 y ya est\u00e1 a la venta<\/strong>\u00a0en boleter\u00eda del Teatro, de lunes a s\u00e1bado de 10 a 20hs. y en sistema\u00a0<a href=\"http:\/\/tuentrada.com\/\" data-saferedirecturl=\"https:\/\/www.google.com\/url?q=http:\/\/tuentrada.com&amp;source=gmail&amp;ust=1559751278326000&amp;usg=AFQjCNEo7HRo-b7uemfoLPiBHQDAEQnfHg\">tuentrada.com<\/a>.<\/p>\n<p>Dur\u00e1n\u00a0inici\u00f3 sus estudios de danza a los 6 a\u00f1os en Huelva y complet\u00f3 su formaci\u00f3n entre Sevilla y Madrid. Ha viajado a Israel con la C\u00eda. de Carlos Vil\u00e1n y a Jap\u00f3n y Dubai como bailaora solista. Es ganadora de numerosos concursos y ha recogido grandes premios a lo largo de su\u00a0trayectoria.<\/p>","protected":false},"excerpt":{"rendered":"<p>Ya est\u00e1n a la venta las entradas para \u00abTablao Flamenco\u201d, espect\u00e1culo que contar\u00e1 con la participaci\u00f3n especial de la bailaora Palmira Dur\u00e1n. El 17 y 18 de julio, a las 21:30hs., en la Sala Audit\u00f3rium del Teatro del Bicentenario se presentar\u00e1\u00a0\u201cTablao Flamenco\u201d, un espect\u00e1culo de&#8230;<\/p>","protected":false},"author":4,"featured_media":19178,"comment_status":"closed","ping_status":"closed","sticky":false,"template":"","format":"standard","meta":{"h5ap_radio_sources":[],"footnotes":""},"categories":[99],"tags":[],"class_list":["post-19175","post","type-post","status-publish","format-standard","has-post-thumbnail","hentry","category-novedades"],"_links":{"self":[{"href":"https:\/\/www.teatrodelbicentenariosanjuan.org\/en\/wp-json\/wp\/v2\/posts\/19175","targetHints":{"allow":["GET"]}}],"collection":[{"href":"https:\/\/www.teatrodelbicentenariosanjuan.org\/en\/wp-json\/wp\/v2\/posts"}],"about":[{"href":"https:\/\/www.teatrodelbicentenariosanjuan.org\/en\/wp-json\/wp\/v2\/types\/post"}],"author":[{"embeddable":true,"href":"https:\/\/www.teatrodelbicentenariosanjuan.org\/en\/wp-json\/wp\/v2\/users\/4"}],"replies":[{"embeddable":true,"href":"https:\/\/www.teatrodelbicentenariosanjuan.org\/en\/wp-json\/wp\/v2\/comments?post=19175"}],"version-history":[{"count":3,"href":"https:\/\/www.teatrodelbicentenariosanjuan.org\/en\/wp-json\/wp\/v2\/posts\/19175\/revisions"}],"predecessor-version":[{"id":19180,"href":"https:\/\/www.teatrodelbicentenariosanjuan.org\/en\/wp-json\/wp\/v2\/posts\/19175\/revisions\/19180"}],"wp:featuredmedia":[{"embeddable":true,"href":"https:\/\/www.teatrodelbicentenariosanjuan.org\/en\/wp-json\/wp\/v2\/media\/19178"}],"wp:attachment":[{"href":"https:\/\/www.teatrodelbicentenariosanjuan.org\/en\/wp-json\/wp\/v2\/media?parent=19175"}],"wp:term":[{"taxonomy":"category","embeddable":true,"href":"https:\/\/www.teatrodelbicentenariosanjuan.org\/en\/wp-json\/wp\/v2\/categories?post=19175"},{"taxonomy":"post_tag","embeddable":true,"href":"https:\/\/www.teatrodelbicentenariosanjuan.org\/en\/wp-json\/wp\/v2\/tags?post=19175"}],"curies":[{"name":"wp","href":"https:\/\/api.w.org\/{rel}","templated":true}]}}