{"id":19181,"date":"2019-06-09T14:56:33","date_gmt":"2019-06-09T17:56:33","guid":{"rendered":"https:\/\/www.teatrodelbicentenariosanjuan.org\/?p=19181"},"modified":"2019-06-09T14:56:33","modified_gmt":"2019-06-09T17:56:33","slug":"finalizo-con-exito-el-festival-indiana-2019-en-san-juan","status":"publish","type":"post","link":"https:\/\/www.teatrodelbicentenariosanjuan.org\/en\/novedades\/finalizo-con-exito-el-festival-indiana-2019-en-san-juan\/","title":{"rendered":"Finaliz\u00f3 con \u00e9xito el Festival Indiana 2019 en San Juan."},"content":{"rendered":"<p>Cerca de 200 j\u00f3venes m\u00fasicos pudieron formarse con los prestigiosos profesores de la Universidad de Indiana de Estados Unidos.<\/p>\n<p>Gracias al convenio firmado entre el Ministerio de Turismo y Cultura, a trav\u00e9s del Teatro del Bicentenario, y la Jacobs Scool of Music,\u00a0<strong>San Juan brind\u00f3 la oportunidad de fortalecer a los m\u00fasicos t\u00e9cnicamente y desarrollarlos art\u00edsticamente.<\/strong><\/p>\n<p>Durante doce intensas jornadas que se divid\u00edan en clases individuales, magistrales y diferenciadas por instrumentos, los m\u00fasicos estudiantes supieron aprovechar esta experiencia ofrecida en el Teatro del Bicentenario.<\/p>\n<p>Se sum\u00f3 a ello, serie de conciertos: m\u00fasica de c\u00e1mara con el Vera Quartet, la maravillosa interpretaci\u00f3n del M\u00b0 Atar Arad en viola, acompa\u00f1ado por Chih Yi Chen al piano, Howard Klug en clarinete y el ovacionado concierto para piano de la M\u00b0 Evelyne Brancart en conjunto con los conciertos protagonizados por los participantes del Festival.<\/p>\n<p>Los acordes de los violines, las violas, los cellos, el piano y las guitarras eran una constante en cada sala del polo cultural sanjuanino. Cientos de ni\u00f1os y j\u00f3venes fueron parte de este programa de formaci\u00f3n que comenz\u00f3 el 27 de mayo y finaliz\u00f3 ayer con una majestuosa Gala de Cierre, en la que se pudo disfrutar de un concierto de Jazz \u00a0a cargo del Maestro Corey Christenseen.\u00a0<\/p>\n<p>Gran cantidad de participantes y un importante p\u00fablico asistente a los conciertos gratuitos dieron testimonio del impacto que el festival tuvo para la comunidad sanjuanina y en particular, para la comunidad art\u00edstica de la regi\u00f3n.<\/p>","protected":false},"excerpt":{"rendered":"<p>Cerca de 200 j\u00f3venes m\u00fasicos pudieron formarse con los prestigiosos profesores de la Universidad de Indiana de Estados Unidos. Gracias al convenio firmado entre el Ministerio de Turismo y Cultura, a trav\u00e9s del Teatro del Bicentenario, y la Jacobs Scool of Music,\u00a0San Juan brind\u00f3 la&#8230;<\/p>","protected":false},"author":4,"featured_media":19182,"comment_status":"closed","ping_status":"closed","sticky":false,"template":"","format":"standard","meta":{"h5ap_radio_sources":[],"footnotes":""},"categories":[99],"tags":[],"class_list":["post-19181","post","type-post","status-publish","format-standard","has-post-thumbnail","hentry","category-novedades"],"_links":{"self":[{"href":"https:\/\/www.teatrodelbicentenariosanjuan.org\/en\/wp-json\/wp\/v2\/posts\/19181","targetHints":{"allow":["GET"]}}],"collection":[{"href":"https:\/\/www.teatrodelbicentenariosanjuan.org\/en\/wp-json\/wp\/v2\/posts"}],"about":[{"href":"https:\/\/www.teatrodelbicentenariosanjuan.org\/en\/wp-json\/wp\/v2\/types\/post"}],"author":[{"embeddable":true,"href":"https:\/\/www.teatrodelbicentenariosanjuan.org\/en\/wp-json\/wp\/v2\/users\/4"}],"replies":[{"embeddable":true,"href":"https:\/\/www.teatrodelbicentenariosanjuan.org\/en\/wp-json\/wp\/v2\/comments?post=19181"}],"version-history":[{"count":2,"href":"https:\/\/www.teatrodelbicentenariosanjuan.org\/en\/wp-json\/wp\/v2\/posts\/19181\/revisions"}],"predecessor-version":[{"id":19184,"href":"https:\/\/www.teatrodelbicentenariosanjuan.org\/en\/wp-json\/wp\/v2\/posts\/19181\/revisions\/19184"}],"wp:featuredmedia":[{"embeddable":true,"href":"https:\/\/www.teatrodelbicentenariosanjuan.org\/en\/wp-json\/wp\/v2\/media\/19182"}],"wp:attachment":[{"href":"https:\/\/www.teatrodelbicentenariosanjuan.org\/en\/wp-json\/wp\/v2\/media?parent=19181"}],"wp:term":[{"taxonomy":"category","embeddable":true,"href":"https:\/\/www.teatrodelbicentenariosanjuan.org\/en\/wp-json\/wp\/v2\/categories?post=19181"},{"taxonomy":"post_tag","embeddable":true,"href":"https:\/\/www.teatrodelbicentenariosanjuan.org\/en\/wp-json\/wp\/v2\/tags?post=19181"}],"curies":[{"name":"wp","href":"https:\/\/api.w.org\/{rel}","templated":true}]}}