{"id":19196,"date":"2019-06-11T17:46:23","date_gmt":"2019-06-11T20:46:23","guid":{"rendered":"https:\/\/www.teatrodelbicentenariosanjuan.org\/?p=19196"},"modified":"2019-06-11T17:46:23","modified_gmt":"2019-06-11T20:46:23","slug":"mas-de-150-asistentes-de-todo-el-continente-llegan-al-iii-foro-coral-americano","status":"publish","type":"post","link":"https:\/\/www.teatrodelbicentenariosanjuan.org\/en\/novedades\/mas-de-150-asistentes-de-todo-el-continente-llegan-al-iii-foro-coral-americano\/","title":{"rendered":"M\u00e1s de 150 asistentes de todo el continente llegan al III Foro Coral Americano"},"content":{"rendered":"<p>Del 14 al 17 de junio, San Juan ser\u00e1 epicentro de un prestigioso evento sobre la m\u00fasica coral americana.<\/p>\n<p>El\u00a0<strong>Coro Arturo Beruti<\/strong>, bajo la direcci\u00f3n de Mar\u00eda Elina Mayorga, organiza el<strong>\u00a0III Foro Coral Americano<\/strong>, dando continuidad a su propuesta nacida en 2015. Adem\u00e1s, simult\u00e1neamente se realizar\u00e1 una nueva edici\u00f3n del\u00a0<strong>Simposio Americano<\/strong>\u00a0donde se abordar\u00e1 la tem\u00e1tica del impacto de las religiones en la m\u00fasica coral.<\/p>\n<p>En esta importante actividad, auspiciada por el\u00a0<strong>Ministerio de Turismo y Cultura<\/strong>,\u00a0<strong>se esperan m\u00e1s de 150 participantes de toda Am\u00e9rica, desde Ushuaia hasta Estados Unidos<\/strong>. En este marco, del 14 al 17 de junio, habr\u00e1 conferencias, debates\u00a0y\u00a0sesiones de lectura de repertorio coral\u00a0en el Teatro del Bicentenario.<\/p>\n<p>Cabe destacar que la tercera edici\u00f3n del foro es un espacio de encuentro y conocimiento para el intercambio de ideas y fortalecimiento de proyectos corales en la regi\u00f3n y en el continente americano en general. Durante las jornadas, podr\u00e1 participar\u00a0toda la comunidad coral y sus\u00a0investigadores, profesores, estudiantes, compositores, arreglistas, directores de coro y estudiosos de la tem\u00e1tica coral.\u00a0<\/p>\n<p>Adem\u00e1s, junto a las exposiciones de personalidades corales, investigadores y asociaciones, se ofrecer\u00e1 la oportunidad de participar de rondas de negocios para que los asistentes puedan difundir sus actividades y fortalecer los v\u00ednculos profesionales directos.<\/p>\n<h2>Dos conciertos de lujo en el Auditorio Juan Victoria<\/h2>\n<p>Complementariamente, el Auditorio Juan Victoria ofrecer\u00e1 un show internacional de la reconocida banda de\u00a0 Estados Unidos\u00a0<strong>Chuck Nation Band.<\/strong>\u00a0\u00a0Este conjunto cautivar\u00e1 al p\u00fablico con su m\u00fasica country. La banda de Atlanta dirigida por el director Tim Sharp, junto al Coro Arturo Beruti, participar\u00e1n del estreno sudamericano de \u00abCome Away to the Skies\u201d.<strong>\u00a0La cita es este s\u00e1bado 15 de junio a las 21:30 hs.<\/strong><\/p>\n<p>En tanto, el\u00a0<strong>domingo 16 a las 18<\/strong>, el p\u00fablico podr\u00e1 disfrutar de un amplio y variado repertorio coral de la\u00a0<strong>Cantor\u00eda de la Merced<\/strong>\u00a0bajo la direcci\u00f3n de Santiago Ruiz. Este grupo musical oriundo de C\u00f3rdoba logr\u00f3 constituirse como un referente provincial y nacional de la m\u00fasica coral, obteniendo importantes premios en cert\u00e1menes.<\/p>\n<p><strong>La entrada para ambos conciertos ser\u00e1 un bono contribuci\u00f3n con un valor de $100.\u00a0<\/strong>Para mayor informaci\u00f3n e inscripciones ingres\u00e1 al siguiente\u00a0<a href=\"http:\/\/www.forocoralamericano.com\/\">sitio web<\/a>.<\/p>","protected":false},"excerpt":{"rendered":"<p>Del 14 al 17 de junio, San Juan ser\u00e1 epicentro de un prestigioso evento sobre la m\u00fasica coral americana. El\u00a0Coro Arturo Beruti, bajo la direcci\u00f3n de Mar\u00eda Elina Mayorga, organiza el\u00a0III Foro Coral Americano, dando continuidad a su propuesta nacida en 2015. Adem\u00e1s, simult\u00e1neamente se&#8230;<\/p>","protected":false},"author":4,"featured_media":19197,"comment_status":"closed","ping_status":"closed","sticky":false,"template":"","format":"standard","meta":{"h5ap_radio_sources":[],"footnotes":""},"categories":[99],"tags":[],"class_list":["post-19196","post","type-post","status-publish","format-standard","has-post-thumbnail","hentry","category-novedades"],"_links":{"self":[{"href":"https:\/\/www.teatrodelbicentenariosanjuan.org\/en\/wp-json\/wp\/v2\/posts\/19196","targetHints":{"allow":["GET"]}}],"collection":[{"href":"https:\/\/www.teatrodelbicentenariosanjuan.org\/en\/wp-json\/wp\/v2\/posts"}],"about":[{"href":"https:\/\/www.teatrodelbicentenariosanjuan.org\/en\/wp-json\/wp\/v2\/types\/post"}],"author":[{"embeddable":true,"href":"https:\/\/www.teatrodelbicentenariosanjuan.org\/en\/wp-json\/wp\/v2\/users\/4"}],"replies":[{"embeddable":true,"href":"https:\/\/www.teatrodelbicentenariosanjuan.org\/en\/wp-json\/wp\/v2\/comments?post=19196"}],"version-history":[{"count":1,"href":"https:\/\/www.teatrodelbicentenariosanjuan.org\/en\/wp-json\/wp\/v2\/posts\/19196\/revisions"}],"predecessor-version":[{"id":19198,"href":"https:\/\/www.teatrodelbicentenariosanjuan.org\/en\/wp-json\/wp\/v2\/posts\/19196\/revisions\/19198"}],"wp:featuredmedia":[{"embeddable":true,"href":"https:\/\/www.teatrodelbicentenariosanjuan.org\/en\/wp-json\/wp\/v2\/media\/19197"}],"wp:attachment":[{"href":"https:\/\/www.teatrodelbicentenariosanjuan.org\/en\/wp-json\/wp\/v2\/media?parent=19196"}],"wp:term":[{"taxonomy":"category","embeddable":true,"href":"https:\/\/www.teatrodelbicentenariosanjuan.org\/en\/wp-json\/wp\/v2\/categories?post=19196"},{"taxonomy":"post_tag","embeddable":true,"href":"https:\/\/www.teatrodelbicentenariosanjuan.org\/en\/wp-json\/wp\/v2\/tags?post=19196"}],"curies":[{"name":"wp","href":"https:\/\/api.w.org\/{rel}","templated":true}]}}