{"id":19209,"date":"2019-06-19T08:37:58","date_gmt":"2019-06-19T11:37:58","guid":{"rendered":"https:\/\/www.teatrodelbicentenariosanjuan.org\/?p=19209"},"modified":"2019-06-19T12:44:41","modified_gmt":"2019-06-19T15:44:41","slug":"el-mesias-lirica-y-virtuosismo-en-el-teatro-del-bicentenario","status":"publish","type":"post","link":"https:\/\/www.teatrodelbicentenariosanjuan.org\/en\/novedades\/el-mesias-lirica-y-virtuosismo-en-el-teatro-del-bicentenario\/","title":{"rendered":"El Mes\u00edas, l\u00edrica y virtuosismo en el Teatro del Bicentenario"},"content":{"rendered":"<p>La excelent\u00edsima obra ser\u00e1 protagonizada por\u00a0Victoria Balanza y Gerardo Marturano, junto a un destacado elenco de artistas locales y nacionales.<\/p>\n<p>El\u00a0<strong>26 y 27 de julio<\/strong>, el escenario del Teatro del Bicentenario se transformar\u00e1 en un glorioso y minimalista firmamento donde los cuerpos tomar\u00e1n forma y confluir\u00e1n\u00a0desde la impronta contempor\u00e1nea y neocl\u00e1sica para celebrar las sublimes vibraciones de Haendel.<\/p>\n<p>El maestro Mauricio Wainrot, uno de los mayores core\u00f3grafos argentinos de trascendencia internacional, es quien dirigir\u00e1 esta excelent\u00edsima obra. Wainrot toma la esencia religiosa y emocional del oratorio de Haendel y construye un ballet que transforma los estados de \u00e1nimo en movimiento, invitando al p\u00fablico a embarcarse en un viaje espiritual e introspectivo.<\/p>\n<p>\u201cEl Mes\u00edas\u201d ser\u00e1 protagonizada por\u00a0<strong>Victoria Balanza y Gerardo Marturano<\/strong>, junto a un destacado elenco de artistas locales y nacionales,\u00a0quienes enfrentan este importante desaf\u00edo t\u00e9cnico y art\u00edstico que propone la ic\u00f3nica obra de Wainrot.<\/p>\n<p>Cabe destacar que la coreograf\u00eda, que por momentos evoca escenas del Nuevo Testamento, presentar\u00e1 mayormente escenas abstractas, y guarda una \u00edntima relaci\u00f3n con el \u00e1nimo que inspira la m\u00fasica de Haendel.<\/p>\n<p>Con reposici\u00f3n del Teatro del Bicentenario, \u201cEl Mes\u00edas\u201d ser\u00e1 interpretada el\u00a0<strong>viernes 26 y s\u00e1bado 27<\/strong>\u00a0<strong>de julio, a las 21:30hs<\/strong>. Las entradas, de\u00a0<strong>$200, $500, $700 y $850<\/strong>; ya est\u00e1n a la venta en boleter\u00eda del Teatro y online en\u00a0<a href=\"http:\/\/www.tuentrada.com\/\">www.tuentrada.com<\/a>.<\/p>\n<p>Es importante recordar que se encuentran vigentes los siguientes beneficios:\u00a0<\/p>\n<p><strong>\u00a1Ticket Ya!:<\/strong>\u00a020% de descuento en las primeras 100 entradas.<\/p>\n<p><strong>Plan Familia<\/strong>: 50% de descuento en la adquisici\u00f3n de los tickets a menores de 17 a\u00f1os, acompa\u00f1ados por un adulto.<\/p>","protected":false},"excerpt":{"rendered":"<p>La excelent\u00edsima obra ser\u00e1 protagonizada por\u00a0Victoria Balanza y Gerardo Marturano, junto a un destacado elenco de artistas locales y nacionales. El\u00a026 y 27 de julio, el escenario del Teatro del Bicentenario se transformar\u00e1 en un glorioso y minimalista firmamento donde los cuerpos tomar\u00e1n forma y&#8230;<\/p>","protected":false},"author":4,"featured_media":19213,"comment_status":"closed","ping_status":"closed","sticky":false,"template":"","format":"standard","meta":{"h5ap_radio_sources":[],"footnotes":""},"categories":[99],"tags":[],"class_list":["post-19209","post","type-post","status-publish","format-standard","has-post-thumbnail","hentry","category-novedades"],"_links":{"self":[{"href":"https:\/\/www.teatrodelbicentenariosanjuan.org\/en\/wp-json\/wp\/v2\/posts\/19209","targetHints":{"allow":["GET"]}}],"collection":[{"href":"https:\/\/www.teatrodelbicentenariosanjuan.org\/en\/wp-json\/wp\/v2\/posts"}],"about":[{"href":"https:\/\/www.teatrodelbicentenariosanjuan.org\/en\/wp-json\/wp\/v2\/types\/post"}],"author":[{"embeddable":true,"href":"https:\/\/www.teatrodelbicentenariosanjuan.org\/en\/wp-json\/wp\/v2\/users\/4"}],"replies":[{"embeddable":true,"href":"https:\/\/www.teatrodelbicentenariosanjuan.org\/en\/wp-json\/wp\/v2\/comments?post=19209"}],"version-history":[{"count":1,"href":"https:\/\/www.teatrodelbicentenariosanjuan.org\/en\/wp-json\/wp\/v2\/posts\/19209\/revisions"}],"predecessor-version":[{"id":19212,"href":"https:\/\/www.teatrodelbicentenariosanjuan.org\/en\/wp-json\/wp\/v2\/posts\/19209\/revisions\/19212"}],"wp:featuredmedia":[{"embeddable":true,"href":"https:\/\/www.teatrodelbicentenariosanjuan.org\/en\/wp-json\/wp\/v2\/media\/19213"}],"wp:attachment":[{"href":"https:\/\/www.teatrodelbicentenariosanjuan.org\/en\/wp-json\/wp\/v2\/media?parent=19209"}],"wp:term":[{"taxonomy":"category","embeddable":true,"href":"https:\/\/www.teatrodelbicentenariosanjuan.org\/en\/wp-json\/wp\/v2\/categories?post=19209"},{"taxonomy":"post_tag","embeddable":true,"href":"https:\/\/www.teatrodelbicentenariosanjuan.org\/en\/wp-json\/wp\/v2\/tags?post=19209"}],"curies":[{"name":"wp","href":"https:\/\/api.w.org\/{rel}","templated":true}]}}