{"id":19262,"date":"2019-07-05T09:59:50","date_gmt":"2019-07-05T12:59:50","guid":{"rendered":"https:\/\/www.teatrodelbicentenariosanjuan.org\/?p=19262"},"modified":"2019-07-05T09:59:50","modified_gmt":"2019-07-05T12:59:50","slug":"el-calor-de-lo-nuestro-llega-al-teatro-del-bicentenario","status":"publish","type":"post","link":"https:\/\/www.teatrodelbicentenariosanjuan.org\/en\/novedades\/el-calor-de-lo-nuestro-llega-al-teatro-del-bicentenario\/","title":{"rendered":"\u201cEl Calor de lo Nuestro\u201d llega al Teatro del Bicentenario"},"content":{"rendered":"<p><strong>Habr\u00e1 siete funciones. M\u00e1s de seis mil ni\u00f1os podr\u00e1n visitar el teatro y disfrutar de la obra. Las entradas costar\u00e1n $100, $130 y $150<\/strong><\/p>\n<p>El cierre del\u00a0<strong>Espect\u00e1culo Final de la Fiesta Nacional del Sol se presenta, por tercer a\u00f1o consecutivo, en una adaptaci\u00f3n especial para el Teatro del Bicentenario<\/strong>. M\u00e1s de cien personas trabajar\u00e1n en la reposici\u00f3n de la obra, que evoca personajes, gustos y costumbres que identifican a los sanjuaninos.<\/p>\n<p>La obra narra la siesta m\u00e1s calurosa del a\u00f1o 1972, cuando el Guille y su equipo emprenden la gran aventura de sus vidas. El noticioso advierte: \u201cNada de dejar salir a los chicos, \u00a1todos adentro!\u201d. Ignorando esa advertencia, cuando las familias se disponen a dormir la siesta, los chicos inician su viaje en busca de la Pericana.<\/p>\n<p>Habr\u00e1\u00a0<strong>seis funciones<\/strong>\u00a0para escuelas, primarias y secundarias, entre otras instituciones, los d\u00edas\u00a0<strong>14, 15 y 16 de agosto, a las 10 y 15 hs.<\/strong>; y una abierta al p\u00fablico en general el\u00a0<strong>17 de agosto, a las 21.30 hs.<\/strong><\/p>\n<p>Los establecimientos educativos interesados en asistir a la obra deber\u00e1n enviar su solicitud al correo\u00a0<span id=\"cloakb446eee9fa257cb0fd7c37991e25ed92\"><a href=\"mailto:escuelas.fns@gmail.com\">escuelas.fns@gmail.com<\/a><\/span>. En el mail deber\u00e1n detallar: nombre de la instituci\u00f3n, tel\u00e9fono para contacto, cantidad de estudiantes que asistir\u00edan, a\u00f1os a los que pertenecen y tendr\u00e1n que aclarar la disponibilidad para ir a las funciones en turno tarde o ma\u00f1ana. Los pedidos ser\u00e1n recibidos hasta el d\u00eda 31 de julio y estar\u00e1n sujetos a disponibilidad.<\/p>\n<p>Adem\u00e1s, desde el\u00a0<strong>17 de julio<\/strong>\u00a0estar\u00e1n a la venta las entradas para la funci\u00f3n general. El valor del ingreso es de\u00a0<strong>$100, $130 y $150<\/strong>. Pueden adquirirse en boleter\u00eda del teatro, de lunes a s\u00e1bado, de 10 a 20 horas; o en tuentrada.com.<\/p>","protected":false},"excerpt":{"rendered":"<p>Habr\u00e1 siete funciones. M\u00e1s de seis mil ni\u00f1os podr\u00e1n visitar el teatro y disfrutar de la obra. Las entradas costar\u00e1n $100, $130 y $150 El cierre del\u00a0Espect\u00e1culo Final de la Fiesta Nacional del Sol se presenta, por tercer a\u00f1o consecutivo, en una adaptaci\u00f3n especial para&#8230;<\/p>","protected":false},"author":4,"featured_media":19263,"comment_status":"closed","ping_status":"closed","sticky":false,"template":"","format":"standard","meta":{"h5ap_radio_sources":[],"footnotes":""},"categories":[99],"tags":[],"class_list":["post-19262","post","type-post","status-publish","format-standard","has-post-thumbnail","hentry","category-novedades"],"_links":{"self":[{"href":"https:\/\/www.teatrodelbicentenariosanjuan.org\/en\/wp-json\/wp\/v2\/posts\/19262","targetHints":{"allow":["GET"]}}],"collection":[{"href":"https:\/\/www.teatrodelbicentenariosanjuan.org\/en\/wp-json\/wp\/v2\/posts"}],"about":[{"href":"https:\/\/www.teatrodelbicentenariosanjuan.org\/en\/wp-json\/wp\/v2\/types\/post"}],"author":[{"embeddable":true,"href":"https:\/\/www.teatrodelbicentenariosanjuan.org\/en\/wp-json\/wp\/v2\/users\/4"}],"replies":[{"embeddable":true,"href":"https:\/\/www.teatrodelbicentenariosanjuan.org\/en\/wp-json\/wp\/v2\/comments?post=19262"}],"version-history":[{"count":1,"href":"https:\/\/www.teatrodelbicentenariosanjuan.org\/en\/wp-json\/wp\/v2\/posts\/19262\/revisions"}],"predecessor-version":[{"id":19264,"href":"https:\/\/www.teatrodelbicentenariosanjuan.org\/en\/wp-json\/wp\/v2\/posts\/19262\/revisions\/19264"}],"wp:featuredmedia":[{"embeddable":true,"href":"https:\/\/www.teatrodelbicentenariosanjuan.org\/en\/wp-json\/wp\/v2\/media\/19263"}],"wp:attachment":[{"href":"https:\/\/www.teatrodelbicentenariosanjuan.org\/en\/wp-json\/wp\/v2\/media?parent=19262"}],"wp:term":[{"taxonomy":"category","embeddable":true,"href":"https:\/\/www.teatrodelbicentenariosanjuan.org\/en\/wp-json\/wp\/v2\/categories?post=19262"},{"taxonomy":"post_tag","embeddable":true,"href":"https:\/\/www.teatrodelbicentenariosanjuan.org\/en\/wp-json\/wp\/v2\/tags?post=19262"}],"curies":[{"name":"wp","href":"https:\/\/api.w.org\/{rel}","templated":true}]}}