{"id":19281,"date":"2019-07-27T11:39:26","date_gmt":"2019-07-27T14:39:26","guid":{"rendered":"https:\/\/www.teatrodelbicentenariosanjuan.org\/?p=19281"},"modified":"2019-07-27T11:39:26","modified_gmt":"2019-07-27T14:39:26","slug":"el-mesias-la-sublime-y-celestial-obra-se-estreno-con-gran-exito","status":"publish","type":"post","link":"https:\/\/www.teatrodelbicentenariosanjuan.org\/en\/novedades\/el-mesias-la-sublime-y-celestial-obra-se-estreno-con-gran-exito\/","title":{"rendered":"\u201cEl Mes\u00edas\u201d, la sublime y celestial obra se estren\u00f3 con gran \u00e9xito"},"content":{"rendered":"<p>El Mes\u00edas, una de las coreografias\u00a0 m\u00e1s trascententes de Mauricio Wainrot, se estren\u00f3 ayer con gran ovaci\u00f3n\u00a0 y emoci\u00f3n en el Teatro del Bicentenario. Hoy, a las 21:30hs, nueva funci\u00f3n.<\/p>\n<p>La obra coreogr\u00e1fica inspirada en el magn\u00edfico Oratorio de H\u00e4ndel, guarda ese esp\u00edritu m\u00edstico y religioso que la obra musical posee. Como figura destacada, la destreza, la elegancia y el virtuosismo de Victoria Balanza, primera bailarina de este ballet, quien<a href=\"https:\/\/sisanjuan.gob.ar\/noticias-turismo-y-cultura\/item\/16071-victoria-balanza-se-despide-de-los-escenarios\" target=\"_blank\" rel=\"noopener noreferrer\">\u00a0se despide de los escenarios\u00a0<\/a>fue aplaudida de pie y ovacionada por el p\u00fablico sanjuanino que demostr\u00f3 su admiraci\u00f3n y cari\u00f1o.<\/p>\n<p>En la puesta, la luminosidad, de la mano de Eli Sirlin, fue la clave; los colores celestes, blancos, simulando el firmamento fueron los protagonistas; los movimientos, siempre hacia arriba, elevados: tr\u00edos, ruedas, d\u00faos, solos, las partes est\u00e1n ligadas sin fracturar los momentos musicales. Hay s\u00f3lidos bancos que los bailarines distribuyen en diferentes posiciones.<\/p>\n<p>El desaf\u00edo t\u00e9cnico y art\u00edstico que la imponente coreograf\u00eda de Wainrot reclama fue exquisitamente interpretado por cada uno de los bailarines del elenco, quienes con armon\u00eda y determinaci\u00f3n, supieron llevar la obra hasta su cl\u00edmax final en el m\u00edstico Aleluia.<\/p>\n<p>Un evento art\u00edstico excepcional, de la mano del reconocido core\u00f3grafo Mauricio Wainrot, que junto a los primeros bailarines Victoria Balanza, Gerardo Marturano, y a 28 talentosos bailarines, muchos de ellos sanjuaninos, demostraron su potencial a pleno en el escenario.<\/p>\n<p>\u201c&#8217;El Mes\u00edas&#8217; representa para m\u00ed, en este especial momento, una mirada a nuevas y-o viejas utop\u00edas, una mirada hacia nuestro interior, una necesidad de volver a escuchar nuestros \u00edntimos silencios y de acercamiento a los otros, especialmente a los seres m\u00e1s cercanos, a esos que amamos, a los que comparten nuestra historia y destino y a los que fueron y son testigos de tantas alegr\u00edas como penurias. Crear El Mes\u00edas, ha sido una experiencia personal que me conmueve poder participar con todos\u00bb, expres\u00f3 Mauricio Wainrot.<\/p>\n<p>Con reposici\u00f3n del Teatro del Bicentenario, se lleva a cabo hoy s\u00e1bado 27 de julio, a las 21:30hs la segunda funci\u00f3n; las entradas, de $200, $500, $700 y $850; est\u00e1n a la venta en boleter\u00eda del teatro y online en www.tuentrada.com. Cabe recordar que se encuentra vigente un importante beneficio destinado a los turistas, con un 30% de descuento en las entradas adquiridas s\u00f3lo en boleter\u00eda del teatro.<\/p>","protected":false},"excerpt":{"rendered":"<p>El Mes\u00edas, una de las coreografias\u00a0 m\u00e1s trascententes de Mauricio Wainrot, se estren\u00f3 ayer con gran ovaci\u00f3n\u00a0 y emoci\u00f3n en el Teatro del Bicentenario. Hoy, a las 21:30hs, nueva funci\u00f3n. La obra coreogr\u00e1fica inspirada en el magn\u00edfico Oratorio de H\u00e4ndel, guarda ese esp\u00edritu m\u00edstico y&#8230;<\/p>","protected":false},"author":4,"featured_media":19282,"comment_status":"closed","ping_status":"closed","sticky":false,"template":"","format":"standard","meta":{"h5ap_radio_sources":[],"footnotes":""},"categories":[99],"tags":[],"class_list":["post-19281","post","type-post","status-publish","format-standard","has-post-thumbnail","hentry","category-novedades"],"_links":{"self":[{"href":"https:\/\/www.teatrodelbicentenariosanjuan.org\/en\/wp-json\/wp\/v2\/posts\/19281","targetHints":{"allow":["GET"]}}],"collection":[{"href":"https:\/\/www.teatrodelbicentenariosanjuan.org\/en\/wp-json\/wp\/v2\/posts"}],"about":[{"href":"https:\/\/www.teatrodelbicentenariosanjuan.org\/en\/wp-json\/wp\/v2\/types\/post"}],"author":[{"embeddable":true,"href":"https:\/\/www.teatrodelbicentenariosanjuan.org\/en\/wp-json\/wp\/v2\/users\/4"}],"replies":[{"embeddable":true,"href":"https:\/\/www.teatrodelbicentenariosanjuan.org\/en\/wp-json\/wp\/v2\/comments?post=19281"}],"version-history":[{"count":1,"href":"https:\/\/www.teatrodelbicentenariosanjuan.org\/en\/wp-json\/wp\/v2\/posts\/19281\/revisions"}],"predecessor-version":[{"id":19283,"href":"https:\/\/www.teatrodelbicentenariosanjuan.org\/en\/wp-json\/wp\/v2\/posts\/19281\/revisions\/19283"}],"wp:featuredmedia":[{"embeddable":true,"href":"https:\/\/www.teatrodelbicentenariosanjuan.org\/en\/wp-json\/wp\/v2\/media\/19282"}],"wp:attachment":[{"href":"https:\/\/www.teatrodelbicentenariosanjuan.org\/en\/wp-json\/wp\/v2\/media?parent=19281"}],"wp:term":[{"taxonomy":"category","embeddable":true,"href":"https:\/\/www.teatrodelbicentenariosanjuan.org\/en\/wp-json\/wp\/v2\/categories?post=19281"},{"taxonomy":"post_tag","embeddable":true,"href":"https:\/\/www.teatrodelbicentenariosanjuan.org\/en\/wp-json\/wp\/v2\/tags?post=19281"}],"curies":[{"name":"wp","href":"https:\/\/api.w.org\/{rel}","templated":true}]}}