{"id":19284,"date":"2019-07-30T10:39:14","date_gmt":"2019-07-30T13:39:14","guid":{"rendered":"https:\/\/www.teatrodelbicentenariosanjuan.org\/?p=19284"},"modified":"2019-07-30T10:39:14","modified_gmt":"2019-07-30T13:39:14","slug":"una-nueva-posibilidad-de-formacion-a-cantantes-liricos","status":"publish","type":"post","link":"https:\/\/www.teatrodelbicentenariosanjuan.org\/en\/novedades\/una-nueva-posibilidad-de-formacion-a-cantantes-liricos\/","title":{"rendered":"Una nueva posibilidad de formaci\u00f3n a cantantes l\u00edricos"},"content":{"rendered":"<p>Desde el 30 de julio al 5 de agosto, el Teatro del Bicentenario llevar\u00e1 a cabo una nueva etapa de formaci\u00f3n gratuita en canto l\u00edrico dictada por profesionales de la Ball State University, Indiana, USA.<\/p>\n<p>A partir del Convenio de colaboraci\u00f3n para la formaci\u00f3n de cantantes l\u00edricos (solistas y coros) \u00a0firmado entre el Ministerio de Turismo y Cultura \u00a0y Ball State University, el Teatro del Bicentenario pone en marcha el Segundo Encuentro del Programa Intensivo en Canto L\u00edrico \u00a02019, a cargo de profesores de\u00a0<b>Ball State University<\/b>. El Programa 2019 consta de tres encuentros, totalmente gratuitos, destinados a cantantes y estudiantes l\u00edricos solistas y coros. El segundo de ellos se desarrollar\u00e1 del\u00a0<b>30 de julio al 5 de agosto.<u><\/u><u><\/u><\/b><\/p>\n<p>M\u00e1s de 150 inscriptos, algunos de ellos provenientes de Chile, Salta, La Rioja y Mendoza, participar\u00e1n de estas clases intensivas de formaci\u00f3n.<u><\/u><u><\/u><\/p>\n<p>Se dictar\u00e1n clases individuales para cantantes solistas, donde se trabajar\u00e1 t\u00e9cnica vocal, pronunciaci\u00f3n, trabajo esc\u00e9nico e interpretaci\u00f3n de rol. Adem\u00e1s, se dictar\u00e1n clases grupales para coros, y un seminario especial de Direcci\u00f3n coral, destinado especialmente a \u00a0directores de coros y estudiantes avanzados de direcci\u00f3n coral.<u><\/u><u><\/u><\/p>\n<p>Asimismo, y vinculando fuertemente el desarrollo art\u00edstico y t\u00e9cnicos de los artistas sanjuaninos, los profesores de\u00a0<b>Ball State<\/b>\u00a0<b>University<\/b>\u00a0\u00a0trabajar\u00e1n con los sanjuaninos, solistas y coros, que participar\u00e1n de la puesta en escena de la \u00f3pera \u201c<b>La Flauta M\u00e1gica<\/b>\u201d, cuyo estreno mundial ser\u00e1 el pr\u00f3ximo 2 de Octubre.<\/p>","protected":false},"excerpt":{"rendered":"<p>Desde el 30 de julio al 5 de agosto, el Teatro del Bicentenario llevar\u00e1 a cabo una nueva etapa de formaci\u00f3n gratuita en canto l\u00edrico dictada por profesionales de la Ball State University, Indiana, USA. A partir del Convenio de colaboraci\u00f3n para la formaci\u00f3n de&#8230;<\/p>","protected":false},"author":4,"featured_media":19285,"comment_status":"closed","ping_status":"closed","sticky":false,"template":"","format":"standard","meta":{"h5ap_radio_sources":[],"footnotes":""},"categories":[99],"tags":[],"class_list":["post-19284","post","type-post","status-publish","format-standard","has-post-thumbnail","hentry","category-novedades"],"_links":{"self":[{"href":"https:\/\/www.teatrodelbicentenariosanjuan.org\/en\/wp-json\/wp\/v2\/posts\/19284","targetHints":{"allow":["GET"]}}],"collection":[{"href":"https:\/\/www.teatrodelbicentenariosanjuan.org\/en\/wp-json\/wp\/v2\/posts"}],"about":[{"href":"https:\/\/www.teatrodelbicentenariosanjuan.org\/en\/wp-json\/wp\/v2\/types\/post"}],"author":[{"embeddable":true,"href":"https:\/\/www.teatrodelbicentenariosanjuan.org\/en\/wp-json\/wp\/v2\/users\/4"}],"replies":[{"embeddable":true,"href":"https:\/\/www.teatrodelbicentenariosanjuan.org\/en\/wp-json\/wp\/v2\/comments?post=19284"}],"version-history":[{"count":1,"href":"https:\/\/www.teatrodelbicentenariosanjuan.org\/en\/wp-json\/wp\/v2\/posts\/19284\/revisions"}],"predecessor-version":[{"id":19286,"href":"https:\/\/www.teatrodelbicentenariosanjuan.org\/en\/wp-json\/wp\/v2\/posts\/19284\/revisions\/19286"}],"wp:featuredmedia":[{"embeddable":true,"href":"https:\/\/www.teatrodelbicentenariosanjuan.org\/en\/wp-json\/wp\/v2\/media\/19285"}],"wp:attachment":[{"href":"https:\/\/www.teatrodelbicentenariosanjuan.org\/en\/wp-json\/wp\/v2\/media?parent=19284"}],"wp:term":[{"taxonomy":"category","embeddable":true,"href":"https:\/\/www.teatrodelbicentenariosanjuan.org\/en\/wp-json\/wp\/v2\/categories?post=19284"},{"taxonomy":"post_tag","embeddable":true,"href":"https:\/\/www.teatrodelbicentenariosanjuan.org\/en\/wp-json\/wp\/v2\/tags?post=19284"}],"curies":[{"name":"wp","href":"https:\/\/api.w.org\/{rel}","templated":true}]}}