{"id":19347,"date":"2019-08-08T10:05:03","date_gmt":"2019-08-08T13:05:03","guid":{"rendered":"https:\/\/www.teatrodelbicentenariosanjuan.org\/?p=19347"},"modified":"2019-08-08T10:05:03","modified_gmt":"2019-08-08T13:05:03","slug":"wonder-en-el-tb-un-concierto-que-homenajeara-al-soul","status":"publish","type":"post","link":"https:\/\/www.teatrodelbicentenariosanjuan.org\/en\/novedades\/wonder-en-el-tb-un-concierto-que-homenajeara-al-soul\/","title":{"rendered":"Wonder en el TB: un concierto que homenajear\u00e1 al soul"},"content":{"rendered":"<p>Wonder, el concierto de m\u00fasica negra que ofrecer\u00e1 cl\u00e1sicos de Stevie, Nina Simone, Ray Charles y James Brown. Viernes 9 de agosto, a las 22hs., en la sala Auditorium del Teatro del Bicentenario.\u00a0<\/p>\n<p>El concierto de m\u00fasica negra que homenajear\u00e1 al soul con una puesta m\u00fasico-teatral con m\u00e1s de 20 personas en escena\u00a0<strong>ofrecer\u00e1 cl\u00e1sicos de Stevie, Nina Simone, Ray Charles y James Brown entre otros artistas<\/strong>.\u00a0Adem\u00e1s, incluir\u00e1 un segmento en honor a\u00a0<strong>Aretha Franklin<\/strong>, cantante recientemente fallecida, quien fue un hito de la m\u00fasica negra y a\u00a0<strong>Stevie Wonder<\/strong>, un pionero en el g\u00e9nero. Tambi\u00e9n habr\u00e1 lugar para int\u00e9rpretes\u00a0contempor\u00e1neos como\u00a0<strong>Alicia Keys.<\/strong><\/p>\n<p>El concierto homenaje est\u00e1 a cargo de Ana Laura Paroldi (voz), Jonatan \u00c1lvarez (bater\u00eda), Gustavo Rodr\u00edguez (teclado), Fernando Mu\u00f1oz (bajo), Michelo Acosta (guitarra), Gabriela Salas (saxo, Buenos Aires), Ignacio Castro (tromb\u00f3n), Tatiana Astorga (coros), Netal\u00ed Kalierof (coros).\u00a0Adem\u00e1s, contar\u00e1 con la presencia de bailarines en escena, m\u00fasicos invitados y Marisol C\u00e1ceres,\u00a0a cargo del arte y montaje del espect\u00e1culo.<\/p>\n<p><strong>Las entradas de $300, se pueden adquirir en boleter\u00eda del teatro, de lunes a s\u00e1bado, de 10 a 20hs. o en\u00a0<a href=\"http:\/\/tuentrada.com\/\" data-saferedirecturl=\"https:\/\/www.google.com\/url?q=http:\/\/tuentrada.com\/&amp;source=gmail&amp;ust=1563621746951000&amp;usg=AFQjCNGZ8etw24sb9ILe8QDD5WtqSEPllg\">tuentrada.com<\/a><\/strong><\/p>","protected":false},"excerpt":{"rendered":"<p>Wonder, el concierto de m\u00fasica negra que ofrecer\u00e1 cl\u00e1sicos de Stevie, Nina Simone, Ray Charles y James Brown. Viernes 9 de agosto, a las 22hs., en la sala Auditorium del Teatro del Bicentenario.\u00a0 El concierto de m\u00fasica negra que homenajear\u00e1 al soul con una puesta&#8230;<\/p>","protected":false},"author":4,"featured_media":19348,"comment_status":"closed","ping_status":"closed","sticky":false,"template":"","format":"standard","meta":{"h5ap_radio_sources":[],"footnotes":""},"categories":[99],"tags":[],"class_list":["post-19347","post","type-post","status-publish","format-standard","has-post-thumbnail","hentry","category-novedades"],"_links":{"self":[{"href":"https:\/\/www.teatrodelbicentenariosanjuan.org\/en\/wp-json\/wp\/v2\/posts\/19347","targetHints":{"allow":["GET"]}}],"collection":[{"href":"https:\/\/www.teatrodelbicentenariosanjuan.org\/en\/wp-json\/wp\/v2\/posts"}],"about":[{"href":"https:\/\/www.teatrodelbicentenariosanjuan.org\/en\/wp-json\/wp\/v2\/types\/post"}],"author":[{"embeddable":true,"href":"https:\/\/www.teatrodelbicentenariosanjuan.org\/en\/wp-json\/wp\/v2\/users\/4"}],"replies":[{"embeddable":true,"href":"https:\/\/www.teatrodelbicentenariosanjuan.org\/en\/wp-json\/wp\/v2\/comments?post=19347"}],"version-history":[{"count":1,"href":"https:\/\/www.teatrodelbicentenariosanjuan.org\/en\/wp-json\/wp\/v2\/posts\/19347\/revisions"}],"predecessor-version":[{"id":19349,"href":"https:\/\/www.teatrodelbicentenariosanjuan.org\/en\/wp-json\/wp\/v2\/posts\/19347\/revisions\/19349"}],"wp:featuredmedia":[{"embeddable":true,"href":"https:\/\/www.teatrodelbicentenariosanjuan.org\/en\/wp-json\/wp\/v2\/media\/19348"}],"wp:attachment":[{"href":"https:\/\/www.teatrodelbicentenariosanjuan.org\/en\/wp-json\/wp\/v2\/media?parent=19347"}],"wp:term":[{"taxonomy":"category","embeddable":true,"href":"https:\/\/www.teatrodelbicentenariosanjuan.org\/en\/wp-json\/wp\/v2\/categories?post=19347"},{"taxonomy":"post_tag","embeddable":true,"href":"https:\/\/www.teatrodelbicentenariosanjuan.org\/en\/wp-json\/wp\/v2\/tags?post=19347"}],"curies":[{"name":"wp","href":"https:\/\/api.w.org\/{rel}","templated":true}]}}