{"id":19356,"date":"2019-08-15T10:58:35","date_gmt":"2019-08-15T13:58:35","guid":{"rendered":"https:\/\/www.teatrodelbicentenariosanjuan.org\/?p=19356"},"modified":"2019-08-20T10:46:07","modified_gmt":"2019-08-20T13:46:07","slug":"la-muestra-reflexiones-de-la-shoa-del-museo-del-holocausto-de-buenos-aires-llega-a-san-juan","status":"publish","type":"post","link":"https:\/\/www.teatrodelbicentenariosanjuan.org\/en\/novedades\/la-muestra-reflexiones-de-la-shoa-del-museo-del-holocausto-de-buenos-aires-llega-a-san-juan\/","title":{"rendered":"La muestra Reflexiones de la Sho\u00e1 del Museo del Holocausto de Buenos Aires llega a San Juan"},"content":{"rendered":"<p>El mi\u00e9rcoles 21 de agosto se abrir\u00e1n las puertas de la muestra itinerante \u201cReflexiones sobre la Sho\u00e1\u201d en el Teatro del Bicentenario de San Juan. La entrada es libre y gratuita.<\/p>\n<p>Con el apoyo del Ministerio de Turismo y Cultura, llega a la provincia\u00a0la exposici\u00f3n que plasma el recorrido sobre la vida de los jud\u00edos europeos a comienzos del siglo XX. Los temas centrales de la exhibici\u00f3n muestran\u00a0<strong>las pol\u00edticas antijud\u00edas de la Alemania nazi, la vida en los Guetos y campos de concentraci\u00f3n en la Europa occidental durante el nazismo, el plan de exterminio del pueblo jud\u00edo<\/strong>, los rescatadores, los sobrevivientes en Argentina y los criminales de guerra que vivieron en nuestro pa\u00eds.<\/p>\n<p>La muestra es una invitaci\u00f3n a reflexionar sobre las experiencias del pasado y sobre las acciones en el presente. Permite repensar la historia, formular preguntas inc\u00f3modas y profundas acerca de la condici\u00f3n humana y plantea un di\u00e1logo permanente entre recursos pedag\u00f3gicos, recursos tecnol\u00f3gicos y testimonios de los sobrevivientes. El objetivo es que los visitantes puedan abordar el Holocausto-Sho\u00e1 desde m\u00faltiples propuestas.<\/p>\n<p>La exhibici\u00f3n ser\u00e1 abierta al p\u00fablico con\u00a0<strong>entrada libre y gratuita.<\/strong>\u00a0Estar\u00e1 expuesta en el Hall del\u00a0<strong>Teatro del Bicentenario desde el mi\u00e9rcoles 21 de agosto hasta el viernes 30.<\/strong><\/p>\n<p><strong>Horario de visitas: <\/strong>Lunes a Viernes de 10 a 20hs, S\u00e1bados, domingos y feriados de 10 a 13hs y de 17 a 20hs \u2013 exceptuando el d\u00eda de cierre viernes 30 hasta las 13hs, Las Heras Sur 430<\/p>\n<p>Las\u00a0<strong>escuelas<\/strong>\u00a0interesadas en participar de la muestra pueden informarse e inscribirse a trav\u00e9s de\u00a0<span id=\"cloak50536bc47c545d5f182fd3b45f6e615d\"><a href=\"mailto:tbicentenariosj@gmail.com\">tbicentenariosj@gmail.com<\/a><\/span>\u00a0<\/p>","protected":false},"excerpt":{"rendered":"<p>El mi\u00e9rcoles 21 de agosto se abrir\u00e1n las puertas de la muestra itinerante \u201cReflexiones sobre la Sho\u00e1\u201d en el Teatro del Bicentenario de San Juan. La entrada es libre y gratuita. Con el apoyo del Ministerio de Turismo y Cultura, llega a la provincia\u00a0la exposici\u00f3n&#8230;<\/p>","protected":false},"author":4,"featured_media":19357,"comment_status":"closed","ping_status":"closed","sticky":false,"template":"","format":"standard","meta":{"h5ap_radio_sources":[],"footnotes":""},"categories":[99],"tags":[],"class_list":["post-19356","post","type-post","status-publish","format-standard","has-post-thumbnail","hentry","category-novedades"],"_links":{"self":[{"href":"https:\/\/www.teatrodelbicentenariosanjuan.org\/en\/wp-json\/wp\/v2\/posts\/19356","targetHints":{"allow":["GET"]}}],"collection":[{"href":"https:\/\/www.teatrodelbicentenariosanjuan.org\/en\/wp-json\/wp\/v2\/posts"}],"about":[{"href":"https:\/\/www.teatrodelbicentenariosanjuan.org\/en\/wp-json\/wp\/v2\/types\/post"}],"author":[{"embeddable":true,"href":"https:\/\/www.teatrodelbicentenariosanjuan.org\/en\/wp-json\/wp\/v2\/users\/4"}],"replies":[{"embeddable":true,"href":"https:\/\/www.teatrodelbicentenariosanjuan.org\/en\/wp-json\/wp\/v2\/comments?post=19356"}],"version-history":[{"count":3,"href":"https:\/\/www.teatrodelbicentenariosanjuan.org\/en\/wp-json\/wp\/v2\/posts\/19356\/revisions"}],"predecessor-version":[{"id":19360,"href":"https:\/\/www.teatrodelbicentenariosanjuan.org\/en\/wp-json\/wp\/v2\/posts\/19356\/revisions\/19360"}],"wp:featuredmedia":[{"embeddable":true,"href":"https:\/\/www.teatrodelbicentenariosanjuan.org\/en\/wp-json\/wp\/v2\/media\/19357"}],"wp:attachment":[{"href":"https:\/\/www.teatrodelbicentenariosanjuan.org\/en\/wp-json\/wp\/v2\/media?parent=19356"}],"wp:term":[{"taxonomy":"category","embeddable":true,"href":"https:\/\/www.teatrodelbicentenariosanjuan.org\/en\/wp-json\/wp\/v2\/categories?post=19356"},{"taxonomy":"post_tag","embeddable":true,"href":"https:\/\/www.teatrodelbicentenariosanjuan.org\/en\/wp-json\/wp\/v2\/tags?post=19356"}],"curies":[{"name":"wp","href":"https:\/\/api.w.org\/{rel}","templated":true}]}}