{"id":19363,"date":"2019-08-21T11:39:27","date_gmt":"2019-08-21T14:39:27","guid":{"rendered":"https:\/\/www.teatrodelbicentenariosanjuan.org\/?p=19363"},"modified":"2019-08-21T11:39:27","modified_gmt":"2019-08-21T14:39:27","slug":"llega-el-torneo-argentino-de-acro-telas-al-teatro-del-bicentenario","status":"publish","type":"post","link":"https:\/\/www.teatrodelbicentenariosanjuan.org\/en\/novedades\/llega-el-torneo-argentino-de-acro-telas-al-teatro-del-bicentenario\/","title":{"rendered":"Llega el Torneo Argentino de Acro Telas al Teatro del Bicentenario"},"content":{"rendered":"<p>El 31 de agosto, San Juan ser\u00e1 sede una vez m\u00e1s del evento de acrobacias en tela m\u00e1s importante de la regi\u00f3n.<\/p>\n<p>El Teatro del Bicentenario a trav\u00e9s del Ministerio de Turismo y Cultura, recibir\u00e1 acr\u00f3batas de todas las edades el\u00a0<strong>31 de agosto, a las 18hs., en la Sala Audit\u00f3rium<\/strong>. Se trata de un espect\u00e1culo que combina danza, vestuario, maquillaje y destreza sobre la barra vertical para impresionar al jurado en una competencia \u00fanica. Un evento que puede disfrutar toda la familia.<\/p>\n<p>\u00a0Los atletas ganadores, que logren superar determinados criterios t\u00e9cnicos y art\u00edsticos, representar\u00e1n a toda la regi\u00f3n en la final del\u00a0<a href=\"http:\/\/%20%20www.torneoargentinodeacrotelas.com\/\">Torneo Argentino de Acro Telas.<\/a><\/p>\n<p><strong><em>La entrada general, de $500, est\u00e1 en venta en boleter\u00eda del Teatro y a trav\u00e9s de\u00a0<\/em><\/strong><strong><em><a href=\"http:\/\/tuentrada.com\/\">tuentrada.com<\/a><\/em><\/strong><strong><em>.\u00a0<\/em><\/strong>Para m\u00e1s informaci\u00f3n ingresar a\u00a0<a href=\"http:\/\/www.acroestudio.com\/\">www.acroestudio.com<\/a>\u00a0<\/p>\n<p>Cabe destacar que esta prestigiosa competencia fue fundada en el a\u00f1o 2016, en b\u00fasqueda de profesionalizar las acrobacias a\u00e9reas como deporte en todo el pa\u00eds.<\/p>","protected":false},"excerpt":{"rendered":"<p>El 31 de agosto, San Juan ser\u00e1 sede una vez m\u00e1s del evento de acrobacias en tela m\u00e1s importante de la regi\u00f3n. El Teatro del Bicentenario a trav\u00e9s del Ministerio de Turismo y Cultura, recibir\u00e1 acr\u00f3batas de todas las edades el\u00a031 de agosto, a las&#8230;<\/p>","protected":false},"author":4,"featured_media":19364,"comment_status":"closed","ping_status":"closed","sticky":false,"template":"","format":"standard","meta":{"h5ap_radio_sources":[],"footnotes":""},"categories":[99],"tags":[],"class_list":["post-19363","post","type-post","status-publish","format-standard","has-post-thumbnail","hentry","category-novedades"],"_links":{"self":[{"href":"https:\/\/www.teatrodelbicentenariosanjuan.org\/en\/wp-json\/wp\/v2\/posts\/19363","targetHints":{"allow":["GET"]}}],"collection":[{"href":"https:\/\/www.teatrodelbicentenariosanjuan.org\/en\/wp-json\/wp\/v2\/posts"}],"about":[{"href":"https:\/\/www.teatrodelbicentenariosanjuan.org\/en\/wp-json\/wp\/v2\/types\/post"}],"author":[{"embeddable":true,"href":"https:\/\/www.teatrodelbicentenariosanjuan.org\/en\/wp-json\/wp\/v2\/users\/4"}],"replies":[{"embeddable":true,"href":"https:\/\/www.teatrodelbicentenariosanjuan.org\/en\/wp-json\/wp\/v2\/comments?post=19363"}],"version-history":[{"count":1,"href":"https:\/\/www.teatrodelbicentenariosanjuan.org\/en\/wp-json\/wp\/v2\/posts\/19363\/revisions"}],"predecessor-version":[{"id":19365,"href":"https:\/\/www.teatrodelbicentenariosanjuan.org\/en\/wp-json\/wp\/v2\/posts\/19363\/revisions\/19365"}],"wp:featuredmedia":[{"embeddable":true,"href":"https:\/\/www.teatrodelbicentenariosanjuan.org\/en\/wp-json\/wp\/v2\/media\/19364"}],"wp:attachment":[{"href":"https:\/\/www.teatrodelbicentenariosanjuan.org\/en\/wp-json\/wp\/v2\/media?parent=19363"}],"wp:term":[{"taxonomy":"category","embeddable":true,"href":"https:\/\/www.teatrodelbicentenariosanjuan.org\/en\/wp-json\/wp\/v2\/categories?post=19363"},{"taxonomy":"post_tag","embeddable":true,"href":"https:\/\/www.teatrodelbicentenariosanjuan.org\/en\/wp-json\/wp\/v2\/tags?post=19363"}],"curies":[{"name":"wp","href":"https:\/\/api.w.org\/{rel}","templated":true}]}}