{"id":19524,"date":"2019-10-16T13:08:55","date_gmt":"2019-10-16T16:08:55","guid":{"rendered":"https:\/\/www.teatrodelbicentenariosanjuan.org\/?p=19524"},"modified":"2019-10-16T13:08:55","modified_gmt":"2019-10-16T16:08:55","slug":"un-concierto-para-toda-la-familia-organizado-por-el-cfi-en-el-tb","status":"publish","type":"post","link":"https:\/\/www.teatrodelbicentenariosanjuan.org\/en\/novedades\/un-concierto-para-toda-la-familia-organizado-por-el-cfi-en-el-tb\/","title":{"rendered":"Un concierto para toda la familia organizado por el CFI en el TB"},"content":{"rendered":"<p>La Camerata junto a Esteban Calder\u00f3n, como artista invitado, en un concierto abierto para toda la familia, que se llevar\u00e1 a cabo el\u00a0<b>s\u00e1bado 2 de noviembre, a las 21:30hs.<\/b><\/p>\n<p>El s\u00e1bado 2 de noviembre a las 21,30hs\u00a0en la sala principal del Teatro del Bicentenario de San Juan se realizar\u00e1 el primero de los conciertos finales de la edici\u00f3n 2019 del Programa de Pasant\u00edas Federales de Perfeccionamiento en Direcci\u00f3n Orquestal del Consejo Federal de Inversiones (CFI). El mismo estar\u00e1 a cargo de la Camerata y ser\u00e1 dirigido por dos j\u00f3venes directoras de dicho Programa: Alicia Pouzo (Provincia de Mendoza) y Clara Parodi (Provincia de Buenos Aires).<\/p>\n<p>El concierto cuenta con el apoyo del Ministerio de Turismo y Cultura de la Provincia de San Juan. La programaci\u00f3n comenzar\u00e1 con la Sinfon\u00eda N\u00b09 para cuerdas, de Mendelsohn, \u201cSuiza\u201d, dirigida por Pouzo, y luego continuar\u00e1 con dos piezas de \u00c1stor Piazzolla, dirigidas por Parodi, con la presencia del bandoneonista Esteban Calder\u00f3n como solista invitado. La entrada es libre y gratuita, por orden de llegada, hasta completar el cupo de la sala.<\/p>\n<p>El Programa de Pasant\u00edas Federales de Perfeccionamiento en Direcci\u00f3n Orquestal es organizado conjuntamente entre el Consejo Federal de Inversiones (CFI), a trav\u00e9s de su Programa de Cultura, y la Orquesta Sinf\u00f3nica de Entre R\u00edos (OSER), organismo dependiente de la Secretar\u00eda de Turismo y Cultura de Entre R\u00edos, y dirigido art\u00edsticamente por el Mtro. Luis Gorelik.<\/p>\n<p>El ciclo de conciertos finales de dicho Programa continuar\u00e1 en la ciudad de Tucum\u00e1n el jueves 5 de diciembre y concluir\u00e1 en la ciudad de Paran\u00e1.<\/p>","protected":false},"excerpt":{"rendered":"<p>La Camerata junto a Esteban Calder\u00f3n, como artista invitado, en un concierto abierto para toda la familia, que se llevar\u00e1 a cabo el\u00a0s\u00e1bado 2 de noviembre, a las 21:30hs. El s\u00e1bado 2 de noviembre a las 21,30hs\u00a0en la sala principal del Teatro del Bicentenario de&#8230;<\/p>","protected":false},"author":4,"featured_media":19525,"comment_status":"closed","ping_status":"closed","sticky":false,"template":"","format":"standard","meta":{"h5ap_radio_sources":[],"footnotes":""},"categories":[99],"tags":[],"class_list":["post-19524","post","type-post","status-publish","format-standard","has-post-thumbnail","hentry","category-novedades"],"_links":{"self":[{"href":"https:\/\/www.teatrodelbicentenariosanjuan.org\/en\/wp-json\/wp\/v2\/posts\/19524","targetHints":{"allow":["GET"]}}],"collection":[{"href":"https:\/\/www.teatrodelbicentenariosanjuan.org\/en\/wp-json\/wp\/v2\/posts"}],"about":[{"href":"https:\/\/www.teatrodelbicentenariosanjuan.org\/en\/wp-json\/wp\/v2\/types\/post"}],"author":[{"embeddable":true,"href":"https:\/\/www.teatrodelbicentenariosanjuan.org\/en\/wp-json\/wp\/v2\/users\/4"}],"replies":[{"embeddable":true,"href":"https:\/\/www.teatrodelbicentenariosanjuan.org\/en\/wp-json\/wp\/v2\/comments?post=19524"}],"version-history":[{"count":1,"href":"https:\/\/www.teatrodelbicentenariosanjuan.org\/en\/wp-json\/wp\/v2\/posts\/19524\/revisions"}],"predecessor-version":[{"id":19526,"href":"https:\/\/www.teatrodelbicentenariosanjuan.org\/en\/wp-json\/wp\/v2\/posts\/19524\/revisions\/19526"}],"wp:featuredmedia":[{"embeddable":true,"href":"https:\/\/www.teatrodelbicentenariosanjuan.org\/en\/wp-json\/wp\/v2\/media\/19525"}],"wp:attachment":[{"href":"https:\/\/www.teatrodelbicentenariosanjuan.org\/en\/wp-json\/wp\/v2\/media?parent=19524"}],"wp:term":[{"taxonomy":"category","embeddable":true,"href":"https:\/\/www.teatrodelbicentenariosanjuan.org\/en\/wp-json\/wp\/v2\/categories?post=19524"},{"taxonomy":"post_tag","embeddable":true,"href":"https:\/\/www.teatrodelbicentenariosanjuan.org\/en\/wp-json\/wp\/v2\/tags?post=19524"}],"curies":[{"name":"wp","href":"https:\/\/api.w.org\/{rel}","templated":true}]}}