{"id":19554,"date":"2019-10-22T11:50:36","date_gmt":"2019-10-22T14:50:36","guid":{"rendered":"https:\/\/www.teatrodelbicentenariosanjuan.org\/?p=19554"},"modified":"2019-10-22T11:51:54","modified_gmt":"2019-10-22T14:51:54","slug":"25-de-octubre-2019-primer-dia-mundial-de-la-opera","status":"publish","type":"post","link":"https:\/\/www.teatrodelbicentenariosanjuan.org\/en\/novedades\/25-de-octubre-2019-primer-dia-mundial-de-la-opera\/","title":{"rendered":"25 de octubre 2019: Primer d\u00eda mundial de la \u00f3pera"},"content":{"rendered":"<p>\u2022 El evento de lanzamiento ser\u00e1 en la \u00d3pera Nacional del Rin en Estrasburgo, Francia.<br \/>\n\u2022 Cuenta con alianzas como la UNESCO y el Instituto Internacional del Teatro.<br \/>\n\u2022 Busca mostrar el aporte de la \u00f3pera a la sociedad y crear conciencia sobre el valor de<br \/>\nesta forma de arte.<br \/>\nEl D\u00eda mundial de la \u00f3pera es la primera conmemoraci\u00f3n internacional para homenajear al g\u00e9nero<br \/>\nque cuenta con 400 a\u00f1os de existencia. La iniciativa est\u00e1 siendo organizada en un esfuerzo conjunto<br \/>\npor las asociaciones de teatros OPERA America, Opera Europa y \u00d3pera Latinoam\u00e9rica,<br \/>\nsum\u00e1ndose tambi\u00e9n organizaciones como UNESCO e Instituto Internacional del Teatro (ITI).<br \/>\nLa conmemoraci\u00f3n del 25 de octubre estar\u00e1 vinculada a una campa\u00f1a en la que teatros de todo el<br \/>\nmundo participar\u00e1n difundiendo acciones y programas dedicados a dar notoriedad al aporte de la<br \/>\n\u00f3pera, bajo el lema D\u00eda Mundial de la \u00d3pera complementados con los hashtag<br \/>\n#DiaMundialDeLaOpera, #DescubreLaOpera, #WorldOperaDay y #LoveOpera.<br \/>\nLatinoam\u00e9rica no se ha querido quedar atr\u00e1s de esta tremenda iniciativa, por lo que el Comit\u00e9 de<br \/>\nComunicaciones, liderado por diversos teatros miembros de OLA, ha preparado una campa\u00f1a<br \/>\ndigital a la que se unir\u00e1n los m\u00e1s de 35 teatros de la red.<br \/>\nEn este sentido, es importante destacar que OLA registr\u00f3 que el a\u00f1o 2018 el 77% de sus miembros<br \/>\nfabricaron sus propias \u00f3peras. Se programaron 100 producciones l\u00edricas de las cuales un 20%<br \/>\nfueron t\u00edtulos familiares, mostrando el compromiso de los teatros con las nuevas audiencias. Del<br \/>\nmismo modo, y en busca de conocer el estado de las instituciones en la regi\u00f3n, la Organizaci\u00f3n<br \/>\nrealiz\u00f3 un estudio en el que se destaca que la Regi\u00f3n cuenta con 400 teatros por sobre 600<br \/>\nbutacas, 153 Orquestas Sinf\u00f3nicas y Filarm\u00f3nicas, 178 conservatorios de m\u00fasica y m\u00e1s de 50<br \/>\nfestivales de \u00f3pera anuales. Descubriendo a su vez, que el 66% de teatros encuestados<br \/>\nprograman \u00f3pera anualmente, lo que muestra la contingencia de este g\u00e9nero y de las amplias<br \/>\nposibilidades de cooperaci\u00f3n que existen a\u00fan en la Regi\u00f3n.<br \/>\nLa celebraci\u00f3n de este 25 de octubre como el primer D\u00eda Mundial de la \u00d3pera es un s\u00edmbolo de<br \/>\nuni\u00f3n y fuerza entre las personas, artistas, gestores e instituciones que trabajan d\u00eda a d\u00eda para el<br \/>\ndesarrollo de este g\u00e9nero y, as\u00ed, contribuir al desarrollo de la capacidad del ser humano de generar<br \/>\ndi\u00e1logo, trabajo colaborativo y arte.<\/p>\n<p>\nM\u00e1s informaci\u00f3n:<br \/>\nwww.worldoperaday.com<br \/>\nhttps:\/\/operavision.eu\/en\/library\/performances\/flashback\/barber-seville-teatro-municipal-de-santiago<br \/>\nS\u00edguenos en Facebook: https:\/\/www.facebook.com\/events\/548343295704780\/<br \/>\n#DiaMundialDeLaOpera #DescubreLaOpera #WorldOperaDay #LoveOpera<\/p>","protected":false},"excerpt":{"rendered":"<p>\u2022 El evento de lanzamiento ser\u00e1 en la \u00d3pera Nacional del Rin en Estrasburgo, Francia. \u2022 Cuenta con alianzas como la UNESCO y el Instituto Internacional del Teatro. \u2022 Busca mostrar el aporte de la \u00f3pera a la sociedad y crear conciencia sobre el valor&#8230;<\/p>","protected":false},"author":4,"featured_media":19555,"comment_status":"closed","ping_status":"closed","sticky":false,"template":"","format":"standard","meta":{"h5ap_radio_sources":[],"footnotes":""},"categories":[99],"tags":[],"class_list":["post-19554","post","type-post","status-publish","format-standard","has-post-thumbnail","hentry","category-novedades"],"_links":{"self":[{"href":"https:\/\/www.teatrodelbicentenariosanjuan.org\/en\/wp-json\/wp\/v2\/posts\/19554","targetHints":{"allow":["GET"]}}],"collection":[{"href":"https:\/\/www.teatrodelbicentenariosanjuan.org\/en\/wp-json\/wp\/v2\/posts"}],"about":[{"href":"https:\/\/www.teatrodelbicentenariosanjuan.org\/en\/wp-json\/wp\/v2\/types\/post"}],"author":[{"embeddable":true,"href":"https:\/\/www.teatrodelbicentenariosanjuan.org\/en\/wp-json\/wp\/v2\/users\/4"}],"replies":[{"embeddable":true,"href":"https:\/\/www.teatrodelbicentenariosanjuan.org\/en\/wp-json\/wp\/v2\/comments?post=19554"}],"version-history":[{"count":1,"href":"https:\/\/www.teatrodelbicentenariosanjuan.org\/en\/wp-json\/wp\/v2\/posts\/19554\/revisions"}],"predecessor-version":[{"id":19556,"href":"https:\/\/www.teatrodelbicentenariosanjuan.org\/en\/wp-json\/wp\/v2\/posts\/19554\/revisions\/19556"}],"wp:featuredmedia":[{"embeddable":true,"href":"https:\/\/www.teatrodelbicentenariosanjuan.org\/en\/wp-json\/wp\/v2\/media\/19555"}],"wp:attachment":[{"href":"https:\/\/www.teatrodelbicentenariosanjuan.org\/en\/wp-json\/wp\/v2\/media?parent=19554"}],"wp:term":[{"taxonomy":"category","embeddable":true,"href":"https:\/\/www.teatrodelbicentenariosanjuan.org\/en\/wp-json\/wp\/v2\/categories?post=19554"},{"taxonomy":"post_tag","embeddable":true,"href":"https:\/\/www.teatrodelbicentenariosanjuan.org\/en\/wp-json\/wp\/v2\/tags?post=19554"}],"curies":[{"name":"wp","href":"https:\/\/api.w.org\/{rel}","templated":true}]}}