{"id":19623,"date":"2019-11-01T11:58:22","date_gmt":"2019-11-01T14:58:22","guid":{"rendered":"https:\/\/www.teatrodelbicentenariosanjuan.org\/?p=19623"},"modified":"2019-11-01T12:19:40","modified_gmt":"2019-11-01T15:19:40","slug":"vuelve-a-san-juan-el-festival-de-cine-aventura-mas-importante-del-mundo","status":"publish","type":"post","link":"https:\/\/www.teatrodelbicentenariosanjuan.org\/en\/novedades\/vuelve-a-san-juan-el-festival-de-cine-aventura-mas-importante-del-mundo\/","title":{"rendered":"Vuelve a San Juan el festival de cine aventura m\u00e1s importante del mundo"},"content":{"rendered":"<h1><strong>Superaci\u00f3n, deporte, aventura y desaf\u00edos se podr\u00e1n ver en los cortos y documentales que trae el Banff Mountain Film Festival World Tour, junto a una selecci\u00f3n especial de producciones nacionales.<\/strong><\/h1>\n<h3>Con el apoyo del Ministerio de Turismo y Cultura, San Juan nuevamente ser\u00e1 parte de la Gira Argentina del\u00a0<strong>Banff Mountain Film Festival World Tour<\/strong>, que\u00a0se presentar\u00e1 en el\u00a0<strong>Teatro del Bicentenario,<\/strong>\u00a0del 15 al\u00a0<strong>17 de noviembre.<\/strong><\/h3>\n<h3>Con un programa especial, conformado por cortos y pel\u00edculas documentales de Alemania, B\u00e9lgica, Canad\u00e1, Espa\u00f1a y Estados Unidos, el Banff nos trasladar\u00e1 hacia remotos lugares del planeta, para vivir grandes experiencias junto a exploradores y deportistas extremos, a trav\u00e9s de la pantalla grande.\u00a0<\/h3>\n<h3>El 15 de noviembre diferentes organizaciones relacionadas al monta\u00f1ismo realizar\u00e1n charlas sobre la cultura de monta\u00f1a en San Juan.\u00a0<\/h3>\n<h3>Entre los films destacados, este a\u00f1o el Banff trae la historia Craig de Martino, un escalador que perdi\u00f3 su pierna derecha en una ca\u00edda de 30 metros en 2002 y nunca dej\u00f3 de escalar. Su historia de resiliencia motiv\u00f3 a otros escaladores y se podr\u00e1 ver en \u201c<strong>Craig\u2019s reaction\u201d<\/strong>. No faltar\u00e1n las aventuras de cicloturismo, a trav\u00e9s de las monta\u00f1as y con esqu\u00edes, vividas en el camino por los amigos Max y Jochen, en el film\u00a0<strong>\u201cIce &amp; Palms\u201d<\/strong>. \u00bfEl objetivo? Cumplir el sue\u00f1o de recorrer, a lo largo de 5 semanas, 1.800 kil\u00f3metros a trav\u00e9s de los Alpes, pero en mountain bike. Mientras que\u00a0el humor de una pareja de escaladores en la monta\u00f1a se refleja en\u00a0<strong>\u201cViacruxis\u201d<\/strong>; y el viaje en canoa de\u00a0las primeras personas de la historia moderna en navegar desde Washington hasta Alaska, en\u00a0<strong>\u201cThe Passage\u201d,<\/strong>\u00a0son otras de las producciones que el p\u00fablico de San Juan podr\u00e1 disfrutar y, con los sentidos, viajar a trav\u00e9s de la pantalla.\u00a0<\/h3>\n<h3>Entre los cinco cortos argentinos, se presenta\u00a0<strong>\u201cPlan C14 II\u201d\u00a0<\/strong>con la historia de Mart\u00edn Pueyrred\u00f3n, de 82 a\u00f1os, quien se embarca en una aventura en bicicleta por los Andes a 4200 metros de altura para confirmar que a\u00fan sigue vivo.<\/h3>\n<h3>Las funciones ser\u00e1n los d\u00edas 16 y 17 de noviembre, a las 21 hs. en el Teatro del Bicentenario (Las Heras Sur 430, San Juan). Los d\u00edas del evento, las entradas se podr\u00e1n conseguir de forma anticipada en el Club Andino Mercedario.<\/h3>","protected":false},"excerpt":{"rendered":"<p>Superaci\u00f3n, deporte, aventura y desaf\u00edos se podr\u00e1n ver en los cortos y documentales que trae el Banff Mountain Film Festival World Tour, junto a una selecci\u00f3n especial de producciones nacionales. Con el apoyo del Ministerio de Turismo y Cultura, San Juan nuevamente ser\u00e1 parte de&#8230;<\/p>","protected":false},"author":4,"featured_media":19624,"comment_status":"closed","ping_status":"closed","sticky":false,"template":"","format":"standard","meta":{"h5ap_radio_sources":[],"footnotes":""},"categories":[99],"tags":[],"class_list":["post-19623","post","type-post","status-publish","format-standard","has-post-thumbnail","hentry","category-novedades"],"_links":{"self":[{"href":"https:\/\/www.teatrodelbicentenariosanjuan.org\/en\/wp-json\/wp\/v2\/posts\/19623","targetHints":{"allow":["GET"]}}],"collection":[{"href":"https:\/\/www.teatrodelbicentenariosanjuan.org\/en\/wp-json\/wp\/v2\/posts"}],"about":[{"href":"https:\/\/www.teatrodelbicentenariosanjuan.org\/en\/wp-json\/wp\/v2\/types\/post"}],"author":[{"embeddable":true,"href":"https:\/\/www.teatrodelbicentenariosanjuan.org\/en\/wp-json\/wp\/v2\/users\/4"}],"replies":[{"embeddable":true,"href":"https:\/\/www.teatrodelbicentenariosanjuan.org\/en\/wp-json\/wp\/v2\/comments?post=19623"}],"version-history":[{"count":1,"href":"https:\/\/www.teatrodelbicentenariosanjuan.org\/en\/wp-json\/wp\/v2\/posts\/19623\/revisions"}],"predecessor-version":[{"id":19625,"href":"https:\/\/www.teatrodelbicentenariosanjuan.org\/en\/wp-json\/wp\/v2\/posts\/19623\/revisions\/19625"}],"wp:featuredmedia":[{"embeddable":true,"href":"https:\/\/www.teatrodelbicentenariosanjuan.org\/en\/wp-json\/wp\/v2\/media\/19624"}],"wp:attachment":[{"href":"https:\/\/www.teatrodelbicentenariosanjuan.org\/en\/wp-json\/wp\/v2\/media?parent=19623"}],"wp:term":[{"taxonomy":"category","embeddable":true,"href":"https:\/\/www.teatrodelbicentenariosanjuan.org\/en\/wp-json\/wp\/v2\/categories?post=19623"},{"taxonomy":"post_tag","embeddable":true,"href":"https:\/\/www.teatrodelbicentenariosanjuan.org\/en\/wp-json\/wp\/v2\/tags?post=19623"}],"curies":[{"name":"wp","href":"https:\/\/api.w.org\/{rel}","templated":true}]}}