{"id":19683,"date":"2019-11-26T12:49:47","date_gmt":"2019-11-26T15:49:47","guid":{"rendered":"https:\/\/www.teatrodelbicentenariosanjuan.org\/?p=19683"},"modified":"2019-11-26T13:13:59","modified_gmt":"2019-11-26T16:13:59","slug":"la-cultura-eje-de-desarrollo-de-politicas-sociales","status":"publish","type":"post","link":"https:\/\/www.teatrodelbicentenariosanjuan.org\/en\/novedades\/la-cultura-eje-de-desarrollo-de-politicas-sociales\/","title":{"rendered":"La cultura, eje de desarrollo de pol\u00edticas sociales"},"content":{"rendered":"<p><strong>El Ministerio de Turismo y Cultura y el Ministerio de Desarrollo Humano y Promoci\u00f3n Social se comprometieron a trabajar en conjunto a trav\u00e9s de un programa de desarrollo cultural.<\/strong><\/p>\n<p>Esta tarde, en Casa de Gobierno, se firm\u00f3 un acuerdo de cooperaci\u00f3n cultural suscripto entre los ministros de Turismo y Cultura y de Desarrollo Humano y Promoci\u00f3n Social que consiste en implementar, en forma conjunta, un programa de desarrollo cultural de amplio alcance social.<\/p>\n<p>En la b\u00fasqueda de que la cultura sea un nexo que una a los sanjuaninos, el\u00a0<span class=\"il\">convenio<\/span>\u00a0tiene como objetivo potenciar la actividad cultural en la provincia, fomentado acciones conjuntas que permitan acercar la producci\u00f3n propia del Teatro del Bicentenario a los sanjuaninos.<\/p>\n<p>Este acuerdo tambi\u00e9n establece un mecanismo de colaboraci\u00f3n y uso conjunto de diferentes espacios del Teatro del Bicentenario que permita poner en escena obras teatrales y programas culturales destinados a la comunidad. Adem\u00e1s, establece el est\u00edmulo de los Adultos Mayores a participar de las actividades de TB como las visitas guiadas, exposiciones y muestras, presencia en ensayos generales y funciones abiertas que se desarrollan en el teatro.<\/p>\n<p><img loading=\"lazy\" decoding=\"async\" class=\"alignnone size-medium wp-image-19685\" src=\"https:\/\/www.teatrodelbicentenariosanjuan.org\/wp-content\/uploads\/2019\/11\/49124152758_e2bcc6de51_b-300x195.jpg\" alt=\"\" width=\"300\" height=\"195\" srcset=\"https:\/\/www.teatrodelbicentenariosanjuan.org\/wp-content\/uploads\/2019\/11\/49124152758_e2bcc6de51_b-300x195.jpg 300w, https:\/\/www.teatrodelbicentenariosanjuan.org\/wp-content\/uploads\/2019\/11\/49124152758_e2bcc6de51_b-150x98.jpg 150w, https:\/\/www.teatrodelbicentenariosanjuan.org\/wp-content\/uploads\/2019\/11\/49124152758_e2bcc6de51_b-768x499.jpg 768w, https:\/\/www.teatrodelbicentenariosanjuan.org\/wp-content\/uploads\/2019\/11\/49124152758_e2bcc6de51_b-400x260.jpg 400w, https:\/\/www.teatrodelbicentenariosanjuan.org\/wp-content\/uploads\/2019\/11\/49124152758_e2bcc6de51_b-700x455.jpg 700w, https:\/\/www.teatrodelbicentenariosanjuan.org\/wp-content\/uploads\/2019\/11\/49124152758_e2bcc6de51_b-500x325.jpg 500w, https:\/\/www.teatrodelbicentenariosanjuan.org\/wp-content\/uploads\/2019\/11\/49124152758_e2bcc6de51_b.jpg 1023w\" sizes=\"auto, (max-width: 300px) 100vw, 300px\" \/> <img loading=\"lazy\" decoding=\"async\" class=\"alignnone size-medium wp-image-19687\" src=\"https:\/\/www.teatrodelbicentenariosanjuan.org\/wp-content\/uploads\/2019\/11\/49124833662_0f824280e6_b-300x200.jpg\" alt=\"\" width=\"300\" height=\"200\" srcset=\"https:\/\/www.teatrodelbicentenariosanjuan.org\/wp-content\/uploads\/2019\/11\/49124833662_0f824280e6_b-300x200.jpg 300w, https:\/\/www.teatrodelbicentenariosanjuan.org\/wp-content\/uploads\/2019\/11\/49124833662_0f824280e6_b-150x100.jpg 150w, https:\/\/www.teatrodelbicentenariosanjuan.org\/wp-content\/uploads\/2019\/11\/49124833662_0f824280e6_b-768x511.jpg 768w, https:\/\/www.teatrodelbicentenariosanjuan.org\/wp-content\/uploads\/2019\/11\/49124833662_0f824280e6_b-700x466.jpg 700w, https:\/\/www.teatrodelbicentenariosanjuan.org\/wp-content\/uploads\/2019\/11\/49124833662_0f824280e6_b-500x333.jpg 500w, https:\/\/www.teatrodelbicentenariosanjuan.org\/wp-content\/uploads\/2019\/11\/49124833662_0f824280e6_b.jpg 1023w\" sizes=\"auto, (max-width: 300px) 100vw, 300px\" \/> <img loading=\"lazy\" decoding=\"async\" class=\"alignnone size-medium wp-image-19693\" src=\"https:\/\/www.teatrodelbicentenariosanjuan.org\/wp-content\/uploads\/2019\/11\/49124830281_85d5508920_b-1-300x200.jpg\" alt=\"\" width=\"300\" height=\"200\" srcset=\"https:\/\/www.teatrodelbicentenariosanjuan.org\/wp-content\/uploads\/2019\/11\/49124830281_85d5508920_b-1-300x200.jpg 300w, https:\/\/www.teatrodelbicentenariosanjuan.org\/wp-content\/uploads\/2019\/11\/49124830281_85d5508920_b-1-150x100.jpg 150w, https:\/\/www.teatrodelbicentenariosanjuan.org\/wp-content\/uploads\/2019\/11\/49124830281_85d5508920_b-1-768x512.jpg 768w, https:\/\/www.teatrodelbicentenariosanjuan.org\/wp-content\/uploads\/2019\/11\/49124830281_85d5508920_b-1-700x467.jpg 700w, https:\/\/www.teatrodelbicentenariosanjuan.org\/wp-content\/uploads\/2019\/11\/49124830281_85d5508920_b-1-500x333.jpg 500w, https:\/\/www.teatrodelbicentenariosanjuan.org\/wp-content\/uploads\/2019\/11\/49124830281_85d5508920_b-1.jpg 1023w\" sizes=\"auto, (max-width: 300px) 100vw, 300px\" \/><\/p>\n<p>&nbsp;<\/p>","protected":false},"excerpt":{"rendered":"<p>El Ministerio de Turismo y Cultura y el Ministerio de Desarrollo Humano y Promoci\u00f3n Social se comprometieron a trabajar en conjunto a trav\u00e9s de un programa de desarrollo cultural. Esta tarde, en Casa de Gobierno, se firm\u00f3 un acuerdo de cooperaci\u00f3n cultural suscripto entre los&#8230;<\/p>","protected":false},"author":4,"featured_media":19686,"comment_status":"closed","ping_status":"closed","sticky":false,"template":"","format":"standard","meta":{"h5ap_radio_sources":[],"footnotes":""},"categories":[99],"tags":[],"class_list":["post-19683","post","type-post","status-publish","format-standard","has-post-thumbnail","hentry","category-novedades"],"_links":{"self":[{"href":"https:\/\/www.teatrodelbicentenariosanjuan.org\/en\/wp-json\/wp\/v2\/posts\/19683","targetHints":{"allow":["GET"]}}],"collection":[{"href":"https:\/\/www.teatrodelbicentenariosanjuan.org\/en\/wp-json\/wp\/v2\/posts"}],"about":[{"href":"https:\/\/www.teatrodelbicentenariosanjuan.org\/en\/wp-json\/wp\/v2\/types\/post"}],"author":[{"embeddable":true,"href":"https:\/\/www.teatrodelbicentenariosanjuan.org\/en\/wp-json\/wp\/v2\/users\/4"}],"replies":[{"embeddable":true,"href":"https:\/\/www.teatrodelbicentenariosanjuan.org\/en\/wp-json\/wp\/v2\/comments?post=19683"}],"version-history":[{"count":3,"href":"https:\/\/www.teatrodelbicentenariosanjuan.org\/en\/wp-json\/wp\/v2\/posts\/19683\/revisions"}],"predecessor-version":[{"id":19694,"href":"https:\/\/www.teatrodelbicentenariosanjuan.org\/en\/wp-json\/wp\/v2\/posts\/19683\/revisions\/19694"}],"wp:featuredmedia":[{"embeddable":true,"href":"https:\/\/www.teatrodelbicentenariosanjuan.org\/en\/wp-json\/wp\/v2\/media\/19686"}],"wp:attachment":[{"href":"https:\/\/www.teatrodelbicentenariosanjuan.org\/en\/wp-json\/wp\/v2\/media?parent=19683"}],"wp:term":[{"taxonomy":"category","embeddable":true,"href":"https:\/\/www.teatrodelbicentenariosanjuan.org\/en\/wp-json\/wp\/v2\/categories?post=19683"},{"taxonomy":"post_tag","embeddable":true,"href":"https:\/\/www.teatrodelbicentenariosanjuan.org\/en\/wp-json\/wp\/v2\/tags?post=19683"}],"curies":[{"name":"wp","href":"https:\/\/api.w.org\/{rel}","templated":true}]}}