{"id":19705,"date":"2019-11-29T12:33:49","date_gmt":"2019-11-29T15:33:49","guid":{"rendered":"https:\/\/www.teatrodelbicentenariosanjuan.org\/?p=19705"},"modified":"2019-11-29T12:38:48","modified_gmt":"2019-11-29T15:38:48","slug":"el-funk-llega-al-teatro-del-bicentenario","status":"publish","type":"post","link":"https:\/\/www.teatrodelbicentenariosanjuan.org\/en\/novedades\/el-funk-llega-al-teatro-del-bicentenario\/","title":{"rendered":"El funk llega al Teatro del Bicentenario"},"content":{"rendered":"<p><strong>La banda sanjuanina Catfonk y Los Vaqueros presentar\u00e1 \u201cSomos Galaxia\u00bb su primer disco de estudio. El evento tendr\u00e1 lugar en la Sala Auditorium, el jueves 5 de diciembre, a las 21:30hs.<\/strong><\/p>\n<div class=\"itemImageBlock\"><\/p>\n<div class=\"clr\">\u00a0<\/div>\n<\/div>\n<div class=\"itemFullText\">\n<p>La banda sanjuanina\u00a0<strong>CatFonk y Los Vaqueros<\/strong>\u00a0presentar\u00e1, su primer material discogr\u00e1fico \u201c<strong>Somos Galaxia<\/strong>\u00ab. Este disco cuenta con 7 canciones que son de autor\u00eda de la banda. El material fue grabado en el estudio de Juan Carlos Rubio y masterizado en Buenos Aires por el productor e ingeniero de sonido Estanislao L\u00f3pez.<\/p>\n<p>La emergente banda que arranc\u00f3 a comienzos de este a\u00f1o mezcla en su reciente trabajo un ritmo funky brit\u00e1nico con tintes de indie y pop.<\/p>\n<p>Luego de haber girado por distintas provincias como C\u00f3rdoba, Mendoza, San Luis y Buenos Aires decide cerrar el a\u00f1o presentando su primer disco en uno de los espacios culturales m\u00e1s importantes de la ciudad de San Juan.<\/p>\n<p>Catfonk y Los Vaqueros est\u00e1 integrada por:<\/p>\n<p>Voz: Sebasti\u00e1n Gato Herrera<\/p>\n<p>Guitarra: Mat\u00edas Peralta<\/p>\n<p>Bater\u00eda: Emilio Carrizo<\/p>\n<p>Bajo: Lucas Colfo<\/p>\n<p>Teclados y voz: Facu Dial<\/p>\n<p>En esta primera presentaci\u00f3n la entrada es con invitaci\u00f3n.<\/p>\n<\/div>","protected":false},"excerpt":{"rendered":"<p>La banda sanjuanina Catfonk y Los Vaqueros presentar\u00e1 \u201cSomos Galaxia\u00bb su primer disco de estudio. El evento tendr\u00e1 lugar en la Sala Auditorium, el jueves 5 de diciembre, a las 21:30hs. \u00a0 La banda sanjuanina\u00a0CatFonk y Los Vaqueros\u00a0presentar\u00e1, su primer material discogr\u00e1fico \u201cSomos Galaxia\u00ab. Este&#8230;<\/p>","protected":false},"author":4,"featured_media":19706,"comment_status":"closed","ping_status":"closed","sticky":false,"template":"","format":"standard","meta":{"h5ap_radio_sources":[],"footnotes":""},"categories":[99],"tags":[],"class_list":["post-19705","post","type-post","status-publish","format-standard","has-post-thumbnail","hentry","category-novedades"],"_links":{"self":[{"href":"https:\/\/www.teatrodelbicentenariosanjuan.org\/en\/wp-json\/wp\/v2\/posts\/19705","targetHints":{"allow":["GET"]}}],"collection":[{"href":"https:\/\/www.teatrodelbicentenariosanjuan.org\/en\/wp-json\/wp\/v2\/posts"}],"about":[{"href":"https:\/\/www.teatrodelbicentenariosanjuan.org\/en\/wp-json\/wp\/v2\/types\/post"}],"author":[{"embeddable":true,"href":"https:\/\/www.teatrodelbicentenariosanjuan.org\/en\/wp-json\/wp\/v2\/users\/4"}],"replies":[{"embeddable":true,"href":"https:\/\/www.teatrodelbicentenariosanjuan.org\/en\/wp-json\/wp\/v2\/comments?post=19705"}],"version-history":[{"count":1,"href":"https:\/\/www.teatrodelbicentenariosanjuan.org\/en\/wp-json\/wp\/v2\/posts\/19705\/revisions"}],"predecessor-version":[{"id":19707,"href":"https:\/\/www.teatrodelbicentenariosanjuan.org\/en\/wp-json\/wp\/v2\/posts\/19705\/revisions\/19707"}],"wp:featuredmedia":[{"embeddable":true,"href":"https:\/\/www.teatrodelbicentenariosanjuan.org\/en\/wp-json\/wp\/v2\/media\/19706"}],"wp:attachment":[{"href":"https:\/\/www.teatrodelbicentenariosanjuan.org\/en\/wp-json\/wp\/v2\/media?parent=19705"}],"wp:term":[{"taxonomy":"category","embeddable":true,"href":"https:\/\/www.teatrodelbicentenariosanjuan.org\/en\/wp-json\/wp\/v2\/categories?post=19705"},{"taxonomy":"post_tag","embeddable":true,"href":"https:\/\/www.teatrodelbicentenariosanjuan.org\/en\/wp-json\/wp\/v2\/tags?post=19705"}],"curies":[{"name":"wp","href":"https:\/\/api.w.org\/{rel}","templated":true}]}}