{"id":19733,"date":"2019-12-05T13:17:19","date_gmt":"2019-12-05T16:17:19","guid":{"rendered":"https:\/\/www.teatrodelbicentenariosanjuan.org\/?p=19733"},"modified":"2019-12-05T13:21:57","modified_gmt":"2019-12-05T16:21:57","slug":"muestra-de-fin-de-ano-de-acrobacia-aerea","status":"publish","type":"post","link":"https:\/\/www.teatrodelbicentenariosanjuan.org\/en\/novedades\/muestra-de-fin-de-ano-de-acrobacia-aerea\/","title":{"rendered":"MUESTRA DE FIN DE A\u00d1O DE ACROBACIA A\u00c9REA"},"content":{"rendered":"<p><strong>La creatividad, la psicomotricidad, y las acrobacias a\u00e9reas se fusionar\u00e1n en una muestra de fin de a\u00f1o de los talleres de Allegra, espacio de vuelos. Las entradas de $250, ya est\u00e1n en venta. <\/strong><\/p>\n<p><strong>\u00a0<\/strong><\/p>\n<p>El s\u00e1bado 14 y el domingo 15 de diciembre, en la sala Auditorium del Teatro del Bicentenario se llevar\u00e1n a cabo los espect\u00e1culos de fin de a\u00f1o de los talleres de Circo Integral y A\u00e9reo de \u201cAllegra, espacio de vuelos\u201d.<\/p>\n<p>&nbsp;<\/p>\n<p>Las muestras se llevar\u00e1n a cabo seg\u00fan el siguiente cronograma:<\/p>\n<p>\u00a0<strong>14 DE DICIEMBRE \u00a0\u00a0\u00a0\u00a0\u00a0\u00a0\u00a0\u00a0 <\/strong><\/p>\n<p><strong>17:00 HS.\u00a0 \u00a01\u00b0 FUNCION &#8211; CIRCO 3<\/strong><\/p>\n<p><strong>20.30 HS. \u00a0\u00a02\u00b0 FUNCION \u2013 AEREO ADULTOS\u00a0\u00a0 <\/strong><\/p>\n<p>&nbsp;<\/p>\n<p><strong>15 DE DICIEMBRE <\/strong><\/p>\n<p><strong>16:00 HS \u00a0\u00a0\u00a01\u00b0 FUNCION-CIRCO 1<\/strong><\/p>\n<p><strong>18:30 HS \u00a0\u00a02\u00b0 FUNCION-CIRCO 2<\/strong><\/p>\n<p><strong>\u00a020.30 HS\u00a0\u00a0 3\u00b0 FUNCION-CIRCO 2<\/strong><\/p>\n<p>&nbsp;<\/p>\n<p>Las entradas de $250, se encuentra en venta en boleter\u00eda del teatro de lunes a s\u00e1bado, de 10 a 20hs y por sistema tuentrada.com<\/p>\n<p>\nLos talleres de Circo Integral son destinados a ni\u00f1os desde los 3 a\u00f1os hasta los 14 a\u00f1os, los mismos consisten en desarrollar actividades para estimular la creatividad, el compa\u00f1erismo y la psicomotricidad a trav\u00e9s de aprendizaje de distintas t\u00e9cnicas de acrobacia a\u00e9reas en elementos como la tela el trapecio y la lycra.<\/p>\n<p>&nbsp;<\/p>\n<p>Adem\u00e1s, combinan distintos m\u00e9todos de manejo del cuerpo sobre el suelo fusionando elementos de la danza contempor\u00e1nea, la acrobacia de piso, la expresi\u00f3n corporal y herramientas del circo para lograr una puesta en escena art\u00edstica integral.<\/p>\n<p>Los talleres de A\u00e9reo Integral son destinados a adolescentes y adultos a partir de los 15 a\u00f1os, los mismos cuentan con una exigente preparaci\u00f3n f\u00edsica, ejercicios de flexibilidad, fuerza y coordinaci\u00f3n. Son clases destinadas a la exploraci\u00f3n y el aprendizaje de elementos a\u00e9reos combinando con elementos de la danza contempor\u00e1nea, la acrobacia de piso, la improvisaci\u00f3n, el teatro y ejercicios posturales para un entrenamiento integral generando un cuerpo consciente.<\/p>","protected":false},"excerpt":{"rendered":"<p>La creatividad, la psicomotricidad, y las acrobacias a\u00e9reas se fusionar\u00e1n en una muestra de fin de a\u00f1o de los talleres de Allegra, espacio de vuelos. Las entradas de $250, ya est\u00e1n en venta. \u00a0 El s\u00e1bado 14 y el domingo 15 de diciembre, en la&#8230;<\/p>","protected":false},"author":4,"featured_media":19736,"comment_status":"closed","ping_status":"closed","sticky":false,"template":"","format":"standard","meta":{"h5ap_radio_sources":[],"footnotes":""},"categories":[99],"tags":[],"class_list":["post-19733","post","type-post","status-publish","format-standard","has-post-thumbnail","hentry","category-novedades"],"_links":{"self":[{"href":"https:\/\/www.teatrodelbicentenariosanjuan.org\/en\/wp-json\/wp\/v2\/posts\/19733","targetHints":{"allow":["GET"]}}],"collection":[{"href":"https:\/\/www.teatrodelbicentenariosanjuan.org\/en\/wp-json\/wp\/v2\/posts"}],"about":[{"href":"https:\/\/www.teatrodelbicentenariosanjuan.org\/en\/wp-json\/wp\/v2\/types\/post"}],"author":[{"embeddable":true,"href":"https:\/\/www.teatrodelbicentenariosanjuan.org\/en\/wp-json\/wp\/v2\/users\/4"}],"replies":[{"embeddable":true,"href":"https:\/\/www.teatrodelbicentenariosanjuan.org\/en\/wp-json\/wp\/v2\/comments?post=19733"}],"version-history":[{"count":1,"href":"https:\/\/www.teatrodelbicentenariosanjuan.org\/en\/wp-json\/wp\/v2\/posts\/19733\/revisions"}],"predecessor-version":[{"id":19735,"href":"https:\/\/www.teatrodelbicentenariosanjuan.org\/en\/wp-json\/wp\/v2\/posts\/19733\/revisions\/19735"}],"wp:featuredmedia":[{"embeddable":true,"href":"https:\/\/www.teatrodelbicentenariosanjuan.org\/en\/wp-json\/wp\/v2\/media\/19736"}],"wp:attachment":[{"href":"https:\/\/www.teatrodelbicentenariosanjuan.org\/en\/wp-json\/wp\/v2\/media?parent=19733"}],"wp:term":[{"taxonomy":"category","embeddable":true,"href":"https:\/\/www.teatrodelbicentenariosanjuan.org\/en\/wp-json\/wp\/v2\/categories?post=19733"},{"taxonomy":"post_tag","embeddable":true,"href":"https:\/\/www.teatrodelbicentenariosanjuan.org\/en\/wp-json\/wp\/v2\/tags?post=19733"}],"curies":[{"name":"wp","href":"https:\/\/api.w.org\/{rel}","templated":true}]}}