{"id":19808,"date":"2019-12-20T11:38:39","date_gmt":"2019-12-20T14:38:39","guid":{"rendered":"https:\/\/www.teatrodelbicentenariosanjuan.org\/?p=19808"},"modified":"2019-12-20T12:14:34","modified_gmt":"2019-12-20T15:14:34","slug":"la-sorprendente-temporada-2020-del-teatro-del-bicentenario","status":"publish","type":"post","link":"https:\/\/www.teatrodelbicentenariosanjuan.org\/en\/novedades\/la-sorprendente-temporada-2020-del-teatro-del-bicentenario\/","title":{"rendered":"La sorprendente temporada 2020 del Teatro del Bicentenario"},"content":{"rendered":"<p><strong>Diversa en g\u00e9neros y con la presencia de estelares artistas como Martha Argerich, Les Luthiers, Eduardo Guerrero y Enrique Pi\u00f1eyro, el Teatro sorprender\u00e1 a turistas y sanjuaninos.<\/strong><\/p>\n<p>En su cuarto a\u00f1o, el Teatro da inicio a su temporada con un programa de formaci\u00f3n a cargo del carism\u00e1tico artista de flamenco\u00a0<strong>Eduardo Guerrero<\/strong>, quien regresa al TB con una propuesta propia e innovadora. A partir de una residencia, artistas sanjuaninos trabajar\u00e1n intensamente junto a Eduardo para dar surgimiento a la obra in\u00e9dita \u201cDon Jos\u00e9\u201d.<\/p>\n<p>En marzo, el TB abre sus puertas al \u201cencuentro\u201d por excelencia de la comunidad teatral sanjuanina con la\u00a0<strong>Fiesta Provincial del Teatro<\/strong>; ese mismo mes, el talentoso pianista y compositor,\u00a0<strong>Silas Bassa<\/strong>\u00a0pone en escena un espect\u00e1culo multisensorial en un formato de concierto- espect\u00e1culo, abriendo de esta forma, nuevos caminos de interacci\u00f3n entre su m\u00fasica y las artes visuales.<\/p>\n<p>En abril, la inmortal\u00a0<strong>Madama Butterfly,\u00a0<\/strong>una de las \u00f3peras m\u00e1s emotivas del genial compositor italiano Giacomo Puccini y de la mano del director de escena\u00a0<strong>Pablo Maritano.<\/strong>\u00a0La atm\u00f3sfera oriental invade el teatro bajo la batuta del maestro Emmanuel Siffert, la Orquesta Sinf\u00f3nica y Coro Universitario de la FFHH, UNSJ junto a un elenco de primeras figuras.<\/p>\n<p>En mayo, la ac\u00fastica del TB anidar\u00e1 la magistral interpretaci\u00f3n de la\u00a0<strong>Moscow Virtuosi Chamber Orchestra.\u00a0<\/strong>M\u00e1s tarde, los colores patrios nos har\u00e1n celebrar el aniversario de la Revoluci\u00f3n 1810 en el marco de la\u00a0<strong>Gala Patria<\/strong>.<\/p>\n<p>Los acordes de la\u00a0<strong>Camerata Universidad Andr\u00e9s Bello<\/strong>\u00a0se har\u00e1n presente en junio en la majestuosa sala del TB, con un repertorio que incluye obras de los periodos cl\u00e1sico y rom\u00e1ntico.<\/p>\n<p>Con orgullo, el Teatro del Bicentenario presentar\u00e1 en julio a la destacada pianista\u00a0<strong>Martha Argerich,\u00a0<\/strong>considerada una de las m\u00e1s grandes artistas de todos los tiempos por su virtuosa t\u00e9cnica inspiradora y profunda interpretaci\u00f3n art\u00edstica, y en esta oportunidad estar\u00e1 acompa\u00f1ada por la c\u00e9lebre\u00a0<strong>Youth Orchestra of Bah\u00eda (Brasil) bajo la direcci\u00f3n musical de Ricardo Castro.<\/strong><\/p>\n<p>&nbsp;<\/p>\n<p>En agosto, reviviremos la fiesta m\u00e1s emblem\u00e1tica de los sanjuaninos, la Fiesta Nacional del Sol, que adapta su espect\u00e1culo final\u00a0<strong>\u201cEvoluci\u00f3n\u201d,<\/strong>\u00a0al escenario del TB, recordando que\u2026!Lo que nos pas\u00f3, nos hace m\u00e1s fuertes!.<\/p>\n<p>Luego del contundente \u00e9xito en el 2017 con cinco funciones a sala llena, vuelven\u00a0<strong>Les Luthiers\u00a0<\/strong>al Teatro del Bicentenario. Los genios de la m\u00fasica y del humor, en un espect\u00e1culo irrepetible cargado de humor fresco, elegante e inteligente.<\/p>\n<p>El escenario del TB se desbordar\u00e1 de nostalgias, amores y pasiones concebidas en danza y movimiento para presentar la obra \u201cLa Tregua\u201d, estreno mundial 2020 del\u00a0<strong>Ballet Nacional SODRE, de Montevideo,<\/strong>\u00a0Uruguay, creada para celebrar el 100\u00b0 Aniversario del nacimiento del gran Mario Benedetti.<\/p>\n<p>La celebraci\u00f3n del\u00a0<strong>4to. Aniversario del TB<\/strong>\u00a0traer\u00e1 reminiscencias de su inauguraci\u00f3n en el a\u00f1o 2016, con la versi\u00f3n coreografiada de\u00a0<strong>Mauricio Wainrot<\/strong>, de una de las obras musicales m\u00e1s conocidas e interpretadas del siglo XX:\u00a0<strong>Carmina Burana<\/strong>, de Carl Orff.<\/p>\n<p>En octubre, una incre\u00edble puesta en escena,\u00a0<strong>\u201cVolar es humano, aterrizar es divino\u201d,<\/strong>\u00a0lograr\u00e1 una fusi\u00f3n perfecta entre el cine, el teatro y el mon\u00f3logo de humor.\u00a0<strong>Enrique Pi\u00f1eyro<\/strong>\u00a0llega por primera vez al TB y sorprender\u00e1 con su iron\u00eda y convertir\u00e1 este original espect\u00e1culo en un nuevo g\u00e9nero que alterna sin pausa entre la risa y la reflexi\u00f3n profunda.<\/p>\n<p>En el 250\u00b0 aniversario de su nacimiento, el TB rinde homenaje al genio de la m\u00fasica del romanticismo:\u00a0<strong>Ludwig van Beethoven<\/strong>, con un concierto sinf\u00f3nico coral de la\u00a0<strong>IX Sinfon\u00eda<\/strong>, cuyo indiscutible legado universal ha influido profundamente en el desarrollo y evoluci\u00f3n de la m\u00fasica. \u00a0<\/p>","protected":false},"excerpt":{"rendered":"<p>Diversa en g\u00e9neros y con la presencia de estelares artistas como Martha Argerich, Les Luthiers, Eduardo Guerrero y Enrique Pi\u00f1eyro, el Teatro sorprender\u00e1 a turistas y sanjuaninos. En su cuarto a\u00f1o, el Teatro da inicio a su temporada con un programa de formaci\u00f3n a cargo&#8230;<\/p>","protected":false},"author":4,"featured_media":19814,"comment_status":"closed","ping_status":"closed","sticky":false,"template":"","format":"standard","meta":{"h5ap_radio_sources":[],"footnotes":""},"categories":[99],"tags":[],"class_list":["post-19808","post","type-post","status-publish","format-standard","has-post-thumbnail","hentry","category-novedades"],"_links":{"self":[{"href":"https:\/\/www.teatrodelbicentenariosanjuan.org\/en\/wp-json\/wp\/v2\/posts\/19808","targetHints":{"allow":["GET"]}}],"collection":[{"href":"https:\/\/www.teatrodelbicentenariosanjuan.org\/en\/wp-json\/wp\/v2\/posts"}],"about":[{"href":"https:\/\/www.teatrodelbicentenariosanjuan.org\/en\/wp-json\/wp\/v2\/types\/post"}],"author":[{"embeddable":true,"href":"https:\/\/www.teatrodelbicentenariosanjuan.org\/en\/wp-json\/wp\/v2\/users\/4"}],"replies":[{"embeddable":true,"href":"https:\/\/www.teatrodelbicentenariosanjuan.org\/en\/wp-json\/wp\/v2\/comments?post=19808"}],"version-history":[{"count":1,"href":"https:\/\/www.teatrodelbicentenariosanjuan.org\/en\/wp-json\/wp\/v2\/posts\/19808\/revisions"}],"predecessor-version":[{"id":19809,"href":"https:\/\/www.teatrodelbicentenariosanjuan.org\/en\/wp-json\/wp\/v2\/posts\/19808\/revisions\/19809"}],"wp:featuredmedia":[{"embeddable":true,"href":"https:\/\/www.teatrodelbicentenariosanjuan.org\/en\/wp-json\/wp\/v2\/media\/19814"}],"wp:attachment":[{"href":"https:\/\/www.teatrodelbicentenariosanjuan.org\/en\/wp-json\/wp\/v2\/media?parent=19808"}],"wp:term":[{"taxonomy":"category","embeddable":true,"href":"https:\/\/www.teatrodelbicentenariosanjuan.org\/en\/wp-json\/wp\/v2\/categories?post=19808"},{"taxonomy":"post_tag","embeddable":true,"href":"https:\/\/www.teatrodelbicentenariosanjuan.org\/en\/wp-json\/wp\/v2\/tags?post=19808"}],"curies":[{"name":"wp","href":"https:\/\/api.w.org\/{rel}","templated":true}]}}