{"id":19844,"date":"2019-12-27T12:36:58","date_gmt":"2019-12-27T15:36:58","guid":{"rendered":"https:\/\/www.teatrodelbicentenariosanjuan.org\/?p=19844"},"modified":"2019-12-27T12:36:58","modified_gmt":"2019-12-27T15:36:58","slug":"el-nuevo-horario-de-verano-de-visitas-guiadas-en-el-tb","status":"publish","type":"post","link":"https:\/\/www.teatrodelbicentenariosanjuan.org\/en\/novedades\/el-nuevo-horario-de-verano-de-visitas-guiadas-en-el-tb\/","title":{"rendered":"El nuevo horario de verano de Visitas Guiadas en el TB"},"content":{"rendered":"<p style=\"font-weight: 400;\">El Teatro del Bicentenario tendr\u00e1 nuevo horario de Visitas Guiadas durante el verano disponible a partir del\u00a0<strong>7 de enero,<\/strong>\u00a0de martes a domingos, a las 10:30; 11:30, 18:30 y 19:30hs.; los viernes, habr\u00e1 visitas con int\u00e9rpretes de lenguaje de se\u00f1as.<\/p>\n<p style=\"font-weight: 400;\">Entre las opciones que tendr\u00e1n los turistas para conocer el polo cultural en estas vacaciones, destacamos la\u00a0<strong>visita general<\/strong>, en la cual el p\u00fablico accede a distintas partes del establecimiento, como la Sala Principal, la Sala Auditorium, las distintas salas de ensayo, de caracterizaci\u00f3n, y conocer la arquitectura del Teatro, entre otros aspectos. Las visitas estar\u00e1n disponibles a partir del 7 de enero, de martes a domingos, a las 10:30, 11:30, 18:30 y 19:30hs.<\/p>\n<p style=\"font-weight: 400;\">Por otro lado, se mantendr\u00e1 las\u00a0<strong>visitas con int\u00e9rpretes en lenguaje de se\u00f1as<\/strong>, destinadas a las personas sordomudas. Esta constituye una pieza de suma importancia dentro de la accesibilidad del teatro, consta de una visita general acompa\u00f1ada de int\u00e9rpretes de lengua de se\u00f1as para la correcta comunicaci\u00f3n con las personas que disponen de esta discapacidad. El horario disponible: viernes, a las 18:30hs. y con previa reserva 48hs antes.<\/p>\n<p style=\"font-weight: 400;\">Para participar de cualquiera de las visitas es necesario registrarse para solicitar turno a trav\u00e9s de \u00a0la p\u00e1gina web del teatro\u00a0<a href=\"https:\/\/www.teatrodelbicentenariosanjuan.org\/\" data-saferedirecturl=\"https:\/\/www.google.com\/url?q=https:\/\/www.teatrodelbicentenariosanjuan.org&amp;source=gmail&amp;ust=1577546401784000&amp;usg=AFQjCNFp_Jsokxm91W39WF6gBT272zmCKA\">www.teatrodelbicentenariosanjuan.org<\/a>; o personalmente en la ventanilla de visitas guiadas en el Hall de entrada, o telef\u00f3nicamente a 264 427 6438\/39\/71\/72, interno 114<\/p>\n<p style=\"font-weight: 400;\">Adem\u00e1s, se informa que,\u00a0<strong>del 2 al 5 de enero de 2020,<\/strong>\u00a0el Teatro del Bicentenario se mantendr\u00e1\u00a0<strong>cerrado al p\u00fablico<\/strong>\u00a0por tareas de mantenimiento preventivo del sistema el\u00e9ctrico. El lunes 6, el Teatro reabrir\u00e1 sus puertas en su horario habitual de lunes a s\u00e1bado, de 10 a 20:30hs.; mientras que el\u00a0<strong>martes 7<\/strong>\u00a0se retomar\u00e1n las visitas guiadas. Cabe recordar que el 31 de diciembre y 1 de enero, el teatro se encuentra cerrado por asueto. \u00a0<\/p>","protected":false},"excerpt":{"rendered":"<p>El Teatro del Bicentenario tendr\u00e1 nuevo horario de Visitas Guiadas durante el verano disponible a partir del\u00a07 de enero,\u00a0de martes a domingos, a las 10:30; 11:30, 18:30 y 19:30hs.; los viernes, habr\u00e1 visitas con int\u00e9rpretes de lenguaje de se\u00f1as. Entre las opciones que tendr\u00e1n los&#8230;<\/p>","protected":false},"author":4,"featured_media":19845,"comment_status":"closed","ping_status":"closed","sticky":false,"template":"","format":"standard","meta":{"h5ap_radio_sources":[],"footnotes":""},"categories":[99],"tags":[],"class_list":["post-19844","post","type-post","status-publish","format-standard","has-post-thumbnail","hentry","category-novedades"],"_links":{"self":[{"href":"https:\/\/www.teatrodelbicentenariosanjuan.org\/en\/wp-json\/wp\/v2\/posts\/19844","targetHints":{"allow":["GET"]}}],"collection":[{"href":"https:\/\/www.teatrodelbicentenariosanjuan.org\/en\/wp-json\/wp\/v2\/posts"}],"about":[{"href":"https:\/\/www.teatrodelbicentenariosanjuan.org\/en\/wp-json\/wp\/v2\/types\/post"}],"author":[{"embeddable":true,"href":"https:\/\/www.teatrodelbicentenariosanjuan.org\/en\/wp-json\/wp\/v2\/users\/4"}],"replies":[{"embeddable":true,"href":"https:\/\/www.teatrodelbicentenariosanjuan.org\/en\/wp-json\/wp\/v2\/comments?post=19844"}],"version-history":[{"count":1,"href":"https:\/\/www.teatrodelbicentenariosanjuan.org\/en\/wp-json\/wp\/v2\/posts\/19844\/revisions"}],"predecessor-version":[{"id":19849,"href":"https:\/\/www.teatrodelbicentenariosanjuan.org\/en\/wp-json\/wp\/v2\/posts\/19844\/revisions\/19849"}],"wp:featuredmedia":[{"embeddable":true,"href":"https:\/\/www.teatrodelbicentenariosanjuan.org\/en\/wp-json\/wp\/v2\/media\/19845"}],"wp:attachment":[{"href":"https:\/\/www.teatrodelbicentenariosanjuan.org\/en\/wp-json\/wp\/v2\/media?parent=19844"}],"wp:term":[{"taxonomy":"category","embeddable":true,"href":"https:\/\/www.teatrodelbicentenariosanjuan.org\/en\/wp-json\/wp\/v2\/categories?post=19844"},{"taxonomy":"post_tag","embeddable":true,"href":"https:\/\/www.teatrodelbicentenariosanjuan.org\/en\/wp-json\/wp\/v2\/tags?post=19844"}],"curies":[{"name":"wp","href":"https:\/\/api.w.org\/{rel}","templated":true}]}}