{"id":20176,"date":"2020-03-06T12:53:38","date_gmt":"2020-03-06T15:53:38","guid":{"rendered":"https:\/\/www.teatrodelbicentenariosanjuan.org\/?p=20176"},"modified":"2020-03-06T12:53:44","modified_gmt":"2020-03-06T15:53:44","slug":"vestido-de-verano-una-obra-que-sube-a-escena-en-el-tb","status":"publish","type":"post","link":"https:\/\/www.teatrodelbicentenariosanjuan.org\/en\/novedades\/vestido-de-verano-una-obra-que-sube-a-escena-en-el-tb\/","title":{"rendered":"Vestido de Verano, una obra que sube a escena en el TB"},"content":{"rendered":"<p><span style=\"font-family: 'Droid Sans'; font-size: 22px;\">La historia de dos ni\u00f1as que vivieron el terremoto de 1944, ser\u00e1 el leit motiv de una obra de teatro que se llevar\u00e1 a cabo en la Sala Auditorium el\u00a0<\/span><strong style=\"box-sizing: inherit; color: #4d4d4d; font-family: 'Droid Sans'; font-size: 22px;\">s\u00e1bado 7 de marzo, a las 22.<\/strong><\/p>\n<p>&nbsp;<\/p>\n<div class=\"itemImageBlock\" style=\"box-sizing: inherit; border-bottom: 1px solid #cccccc; font-family: 'Droid Sans';\"><span style=\"font-family: 'Droid serif', Georgia, 'Times New Roman', serif; font-size: 1.125rem;\">La Sala Auditorium del Teatro del Bicentenario se impregnar\u00e1 de sentimientos y emociones remomerando la tragedia de dos ni\u00f1as de familias diferentes que vivieron el terremoto de 1944, en San Juan. Cuentan c\u00f3mo fue la vida momentos antes de la tragedia, c\u00f3mo la vivieron y cu\u00e1l fue su destino.<\/span><\/div>\n<div class=\"itemFullText\" style=\"box-sizing: inherit; font-size: 1.125rem; font-family: 'Droid serif', Georgia, 'Times New Roman', serif;\">\n<p style=\"box-sizing: inherit; margin: 1.5rem 0px;\">Con un prestigioso elenco sanjuanino, \u201cVestido de Verano\u201d, se llevar\u00e1 a cabo, el s\u00e1bado 7 de marzo, a las 22hs.;\u00a0<strong style=\"box-sizing: inherit; color: #4d4d4d;\">entrada general de $250<\/strong>, en venta en boleter\u00eda del Teatro y en\u00a0<a style=\"box-sizing: inherit; background: transparent; text-decoration-line: none; color: #9d1322;\" href=\"http:\/\/tuentrada.com\/\" data-saferedirecturl=\"https:\/\/www.google.com\/url?q=http:\/\/tuentrada.com&amp;source=gmail&amp;ust=1583592888091000&amp;usg=AFQjCNGo-MkIdevVxPAyVFVE-U2LhjaBXA\">tuentrada.com<\/a>.<\/p>\n<p style=\"box-sizing: inherit; margin: 1.5rem 0px;\">La obra se inspir\u00f3 en una fotograf\u00eda de dos nenas de no mas de 12 a\u00f1os) dormidas en el asiento de un tren que se expuso en el Museo Franklin Rawson por el terremoto del &#8217;44. Se cre\u00f3 una ficci\u00f3n de ambas para representar el dolor que vivieron muchos chicos en la misma situaci\u00f3n de quedar totalmente hu\u00e9rfanos y de no saber cu\u00e1l ser\u00eda su destino. Al recabar informaci\u00f3n de personas que vivieron esta fatalidad, historias de aquellos chicos que volvieron y de los que no, perdiendo por completo su identidad de pertenecer a su tierra.<\/p>\n<p style=\"box-sizing: inherit; margin: 1.5rem 0px;\"><strong style=\"box-sizing: inherit; color: #4d4d4d;\">Act\u00faan:<\/strong>\u00a0Luli Pontoriero, Rosa P\u00e1ez, Milena Almonaci, Eliana Acosta<\/p>\n<p style=\"box-sizing: inherit; margin: 1.5rem 0px;\"><strong style=\"box-sizing: inherit; color: #4d4d4d;\">Texto:<\/strong>\u00a0Eduardo Avila y Elina Acosta<\/p>\n<p style=\"box-sizing: inherit; margin: 1.5rem 0px;\"><strong style=\"box-sizing: inherit; color: #4d4d4d;\">Direcci\u00f3n<\/strong>: Eduardo Avila<\/p>\n<p style=\"box-sizing: inherit; margin: 1.5rem 0px;\"><strong style=\"box-sizing: inherit; color: #4d4d4d;\">Asistencia y puesta en escena:<\/strong>\u00a0Eliana Acosta<\/p>\n<\/div>","protected":false},"excerpt":{"rendered":"<p>La historia de dos ni\u00f1as que vivieron el terremoto de 1944, ser\u00e1 el leit motiv de una obra de teatro que se llevar\u00e1 a cabo en la Sala Auditorium el\u00a0s\u00e1bado 7 de marzo, a las 22. &nbsp; La Sala Auditorium del Teatro del Bicentenario se&#8230;<\/p>","protected":false},"author":4,"featured_media":20177,"comment_status":"closed","ping_status":"closed","sticky":false,"template":"","format":"standard","meta":{"h5ap_radio_sources":[],"footnotes":""},"categories":[99],"tags":[],"class_list":["post-20176","post","type-post","status-publish","format-standard","has-post-thumbnail","hentry","category-novedades"],"_links":{"self":[{"href":"https:\/\/www.teatrodelbicentenariosanjuan.org\/en\/wp-json\/wp\/v2\/posts\/20176","targetHints":{"allow":["GET"]}}],"collection":[{"href":"https:\/\/www.teatrodelbicentenariosanjuan.org\/en\/wp-json\/wp\/v2\/posts"}],"about":[{"href":"https:\/\/www.teatrodelbicentenariosanjuan.org\/en\/wp-json\/wp\/v2\/types\/post"}],"author":[{"embeddable":true,"href":"https:\/\/www.teatrodelbicentenariosanjuan.org\/en\/wp-json\/wp\/v2\/users\/4"}],"replies":[{"embeddable":true,"href":"https:\/\/www.teatrodelbicentenariosanjuan.org\/en\/wp-json\/wp\/v2\/comments?post=20176"}],"version-history":[{"count":2,"href":"https:\/\/www.teatrodelbicentenariosanjuan.org\/en\/wp-json\/wp\/v2\/posts\/20176\/revisions"}],"predecessor-version":[{"id":20179,"href":"https:\/\/www.teatrodelbicentenariosanjuan.org\/en\/wp-json\/wp\/v2\/posts\/20176\/revisions\/20179"}],"wp:featuredmedia":[{"embeddable":true,"href":"https:\/\/www.teatrodelbicentenariosanjuan.org\/en\/wp-json\/wp\/v2\/media\/20177"}],"wp:attachment":[{"href":"https:\/\/www.teatrodelbicentenariosanjuan.org\/en\/wp-json\/wp\/v2\/media?parent=20176"}],"wp:term":[{"taxonomy":"category","embeddable":true,"href":"https:\/\/www.teatrodelbicentenariosanjuan.org\/en\/wp-json\/wp\/v2\/categories?post=20176"},{"taxonomy":"post_tag","embeddable":true,"href":"https:\/\/www.teatrodelbicentenariosanjuan.org\/en\/wp-json\/wp\/v2\/tags?post=20176"}],"curies":[{"name":"wp","href":"https:\/\/api.w.org\/{rel}","templated":true}]}}