{"id":20333,"date":"2020-05-06T09:26:45","date_gmt":"2020-05-06T12:26:45","guid":{"rendered":"https:\/\/www.teatrodelbicentenariosanjuan.org\/?p=20333"},"modified":"2020-05-06T09:26:45","modified_gmt":"2020-05-06T12:26:45","slug":"la-flauta-magica-del-teatro-del-bicentenario-llega-a-mexico","status":"publish","type":"post","link":"https:\/\/www.teatrodelbicentenariosanjuan.org\/en\/novedades\/la-flauta-magica-del-teatro-del-bicentenario-llega-a-mexico\/","title":{"rendered":"La Flauta M\u00e1gica del Teatro del Bicentenario llega a M\u00e9xico"},"content":{"rendered":"<h3>Ser\u00e1 transmitida el 7 de mayo por el canal TV4 Guanajuato de M\u00e9xico y plataformas digitales del Teatro del Bicentenario Roberto Plasencia Salda\u00f1a de M\u00e9xico.<\/h3>\n<p>El <strong>Teatro del Bicentenario de San Juan<\/strong>, con su producci\u00f3n de<strong> \u00abLa Flauta M\u00e1gica\u00bb<\/strong>, ser\u00e1 parte de la temporada de \u201cTeatros Latinoamericanos en casa\u201d, espacio digital que re\u00fane una destacada selecci\u00f3n de producciones latinoamericanas.<\/p>\n<p>En este marco, <strong>el jueves 7 de mayo, a las 22. de Argentina<\/strong> y a las 20. de M\u00e9xico, \u201cLa Flauta M\u00e1gica\u201d en espa\u00f1ol, con concepci\u00f3n esc\u00e9nica de Eugenio Zanetti y producci\u00f3n del Teatro del Bicentenario, ser\u00e1 transmitida en las <strong>plataformas digitales del Teatro del Bicentenario Roberto Plasencia Salda\u00f1a de M\u00e9xico (YouTube, Facebook: Forum Cultural Guanajuato)<\/strong> y simult\u00e1neamente en el canal TV4 Guanajuato de M\u00e9xico, <a href=\"https:\/\/www.tvcuatro.com\/\">la televisora p\u00fablica del Gobierno del Estado de Guanajuato<\/a>. Tambi\u00e9n se proyectar\u00e1 en diferido a las 22.30 de M\u00e9xico por canal 4.1 de la misma televisora.<\/p>\n<p>TV4 es el \u00fanico canal de televisi\u00f3n gubernamental cultural en proporcionar 46 repetidoras individuales a cada uno de los municipios; en lugar de tener repetidoras por \u00e1rea, como en otros estados. Gran parte de su programaci\u00f3n son de BBC y la Deutsche Welle; a la que se suma la \u00f3pera de W.A.Mozart \u201cLa Flauta M\u00e1gica\u201d, producci\u00f3n integral 2019 del polo cultural sanjuanino en su versi\u00f3n en espa\u00f1ol.<\/p>\n<h2>Teatro del Bicentenario Roberto Plasencia Salda\u00f1a &#8211; M\u00e9xico<\/h2>\n<p>Fue concebido como un recinto de vanguardia, dotado de las mejores condiciones para la expresi\u00f3n y disfrute de las artes esc\u00e9nicas. Su Sala Principal recupera la forma tradicional de herradura en el \u00e1rea de butacas, circundadas por una c\u00e1mara ac\u00fastica, elemento vanguardista y \u00fanico en el mundo, en el momento de su creaci\u00f3n. Estos factores confieren dos de las cualidades m\u00e1s notables de este recinto: una \u00f3ptima percepci\u00f3n del sonido y una apreciaci\u00f3n correcta de la escala humana.<\/p>\n<p>El Teatro del Bicentenario Roberto Plasencia Salda\u00f1a es un espacio que conjuga de manera arm\u00f3nica la est\u00e9tica, funcionalidad y precisi\u00f3n t\u00e9cnica. Fue inaugurado el 7 de diciembre de 2010 en el marco de los festejos nacionales en conmemoraci\u00f3n de los doscientos a\u00f1os del inicio de la Independencia de M\u00e9xico y del Centenario de la Revoluci\u00f3n, y es un \u00f3rgano descentralizado del Forum Cultural Guanajuato, el complejo cultural m\u00e1s importante del centro del pa\u00eds. Desde el 1 de diciembre de 2017, lleva el nombre de Roberto Plasencia Salda\u00f1a, en honor al destacado empresario y promotor de este proyecto cultural.<\/p>\n<p>La Temporada L\u00edrica del Teatro del Bicentenario de M\u00e9xico es reconocida como una de las m\u00e1s importantes del pa\u00eds por presentar, a trav\u00e9s de propuestas esc\u00e9nicas vanguardistas, artistas y elencos de talla internacional.<\/p>","protected":false},"excerpt":{"rendered":"<p>Ser\u00e1 transmitida el 7 de mayo por el canal TV4 Guanajuato de M\u00e9xico y plataformas digitales del Teatro del Bicentenario Roberto Plasencia Salda\u00f1a de M\u00e9xico. El Teatro del Bicentenario de San Juan, con su producci\u00f3n de \u00abLa Flauta M\u00e1gica\u00bb, ser\u00e1 parte de la temporada de&#8230;<\/p>","protected":false},"author":4,"featured_media":19499,"comment_status":"closed","ping_status":"closed","sticky":false,"template":"","format":"standard","meta":{"h5ap_radio_sources":[],"footnotes":""},"categories":[99],"tags":[],"class_list":["post-20333","post","type-post","status-publish","format-standard","has-post-thumbnail","hentry","category-novedades"],"_links":{"self":[{"href":"https:\/\/www.teatrodelbicentenariosanjuan.org\/en\/wp-json\/wp\/v2\/posts\/20333","targetHints":{"allow":["GET"]}}],"collection":[{"href":"https:\/\/www.teatrodelbicentenariosanjuan.org\/en\/wp-json\/wp\/v2\/posts"}],"about":[{"href":"https:\/\/www.teatrodelbicentenariosanjuan.org\/en\/wp-json\/wp\/v2\/types\/post"}],"author":[{"embeddable":true,"href":"https:\/\/www.teatrodelbicentenariosanjuan.org\/en\/wp-json\/wp\/v2\/users\/4"}],"replies":[{"embeddable":true,"href":"https:\/\/www.teatrodelbicentenariosanjuan.org\/en\/wp-json\/wp\/v2\/comments?post=20333"}],"version-history":[{"count":1,"href":"https:\/\/www.teatrodelbicentenariosanjuan.org\/en\/wp-json\/wp\/v2\/posts\/20333\/revisions"}],"predecessor-version":[{"id":20334,"href":"https:\/\/www.teatrodelbicentenariosanjuan.org\/en\/wp-json\/wp\/v2\/posts\/20333\/revisions\/20334"}],"wp:featuredmedia":[{"embeddable":true,"href":"https:\/\/www.teatrodelbicentenariosanjuan.org\/en\/wp-json\/wp\/v2\/media\/19499"}],"wp:attachment":[{"href":"https:\/\/www.teatrodelbicentenariosanjuan.org\/en\/wp-json\/wp\/v2\/media?parent=20333"}],"wp:term":[{"taxonomy":"category","embeddable":true,"href":"https:\/\/www.teatrodelbicentenariosanjuan.org\/en\/wp-json\/wp\/v2\/categories?post=20333"},{"taxonomy":"post_tag","embeddable":true,"href":"https:\/\/www.teatrodelbicentenariosanjuan.org\/en\/wp-json\/wp\/v2\/tags?post=20333"}],"curies":[{"name":"wp","href":"https:\/\/api.w.org\/{rel}","templated":true}]}}