{"id":20528,"date":"2020-07-10T15:03:58","date_gmt":"2020-07-10T18:03:58","guid":{"rendered":"https:\/\/www.teatrodelbicentenariosanjuan.org\/?p=20528"},"modified":"2020-07-10T15:03:58","modified_gmt":"2020-07-10T18:03:58","slug":"del-escenario-a-la-pantalla-se-podra-disfrutar-de-maria-de-buenos-aires","status":"publish","type":"post","link":"https:\/\/www.teatrodelbicentenariosanjuan.org\/en\/novedades\/del-escenario-a-la-pantalla-se-podra-disfrutar-de-maria-de-buenos-aires\/","title":{"rendered":"Del escenario a la pantalla, se podr\u00e1 disfrutar de Mar\u00eda de Buenos Aires"},"content":{"rendered":"<p>Se suman m\u00e1s contenidos digitales para disfrutar del Teatro del Bicentenario desde casa; podr\u00e1s revivir el desaf\u00edo de creaci\u00f3n de la \u00f3pera tango producida \u00edntegramente por el TB.<\/p>\n<p>\u201cDel escenario a la pantalla\u201d, es la posibilidad de disfrutar gratuitamente del Teatro del Bicentenario desde tu casa en el marco del contexto pandemia. En este sentido, podr\u00e1s conocer los detalles de la concepci\u00f3n de \u201cMar\u00eda de Buenos Aires\u201d la \u00f3pera tango de Astor Piazzolla, con textos de Horacio Ferrer.<\/p>\n<p>El s\u00e1bado 11 de julio, a las 19, se estrena en Facebook, las entrevistas a los destacados artistas y directores que fueron parte de la puesta en escena; mientras que el 25 de julio, a las 19, se transmitir\u00e1 a trav\u00e9s de Facebook (estreno), la \u00f3pera tango \u201cMar\u00eda de Buenos Aires\u201d.<\/p>\n<p>En este segmento, se podr\u00e1 conocer los desaf\u00edos que enfrentaron los protagonistas de Mar\u00eda; la aclamada mezzo \u2013 soprano argentina armenia, Solange Merdinian, protagoniz\u00f3 la Mar\u00eda porte\u00f1a; mientras que Diego Flores; cantante l\u00edrico, coreuta y cantor de tango; encarn\u00f3 los diferentes y multifac\u00e9ticos personajes creados por Ferrer. El Duende, por su parte, fue interpretado por Silvio Guevara.<\/p>\n<p>Por otro lado, el p\u00fablico tendr\u00e1 la oportunidad de deleitarse con la coreograf\u00eda de tango- danza de la mano del reconocido core\u00f3grafo invitado Leonardo Cuello, quien tuvo a cargo la direcci\u00f3n coreogr\u00e1fica; mientras que Victoria Balanza, interpret\u00f3 un aspecto de la propia Mar\u00eda a trav\u00e9s de su hipn\u00f3tica danza.<\/p>\n<p>Bajo la direcci\u00f3n musical de Esteban Calder\u00f3n, la orquesta en vivo se propone en escena, sumergida en un s\u00f3rdido y oscuro paisaje porte\u00f1o. Con Calder\u00f3n al bandone\u00f3n y Leo Marconi al piano, las sonoridades \u201cpiazzollinas\u201d evocaron nostalgia y pasi\u00f3n del arrabal.<\/p>\n<p>La direcci\u00f3n de escena, dise\u00f1os escenogr\u00e1ficos y de vestuario del reconocido escen\u00f3grafo Sergio Massa, lograron dar sentido a los poemas de Ferrer y a los acordes de Piazzolla. En voz de Massa, esta puesta en escena \u201cbusca corporizar la orfandad, el amor y la crueldad de este sitio imaginario y marginal, atemporal y surrealista\u201d.<\/p>\n<h3>El dato<\/h3>\n<p>Estrenos en Facebook del TB<\/p>\n<p>S\u00e1bado 11 de julio, 19: entrevistas desde casa con los protagonistas<\/p>\n<p>S\u00e1bado 25 de julio, 19: la \u00f3pera tango \u201cMar\u00eda de Buenos Aires\u201d (Temporada 2018)<\/p>\n<p>Para acceder @TBicentenarioSanJuan<\/p>\n<p>Luego del estreno, disfrutalo en: www.teatrodelbicentenariosanjuan.org\/quedate-en-casa\/<\/p>","protected":false},"excerpt":{"rendered":"<p>Se suman m\u00e1s contenidos digitales para disfrutar del Teatro del Bicentenario desde casa; podr\u00e1s revivir el desaf\u00edo de creaci\u00f3n de la \u00f3pera tango producida \u00edntegramente por el TB. \u201cDel escenario a la pantalla\u201d, es la posibilidad de disfrutar gratuitamente del Teatro del Bicentenario desde tu&#8230;<\/p>","protected":false},"author":4,"featured_media":20529,"comment_status":"closed","ping_status":"closed","sticky":false,"template":"","format":"standard","meta":{"h5ap_radio_sources":[],"footnotes":""},"categories":[99],"tags":[],"class_list":["post-20528","post","type-post","status-publish","format-standard","has-post-thumbnail","hentry","category-novedades"],"_links":{"self":[{"href":"https:\/\/www.teatrodelbicentenariosanjuan.org\/en\/wp-json\/wp\/v2\/posts\/20528","targetHints":{"allow":["GET"]}}],"collection":[{"href":"https:\/\/www.teatrodelbicentenariosanjuan.org\/en\/wp-json\/wp\/v2\/posts"}],"about":[{"href":"https:\/\/www.teatrodelbicentenariosanjuan.org\/en\/wp-json\/wp\/v2\/types\/post"}],"author":[{"embeddable":true,"href":"https:\/\/www.teatrodelbicentenariosanjuan.org\/en\/wp-json\/wp\/v2\/users\/4"}],"replies":[{"embeddable":true,"href":"https:\/\/www.teatrodelbicentenariosanjuan.org\/en\/wp-json\/wp\/v2\/comments?post=20528"}],"version-history":[{"count":1,"href":"https:\/\/www.teatrodelbicentenariosanjuan.org\/en\/wp-json\/wp\/v2\/posts\/20528\/revisions"}],"predecessor-version":[{"id":20530,"href":"https:\/\/www.teatrodelbicentenariosanjuan.org\/en\/wp-json\/wp\/v2\/posts\/20528\/revisions\/20530"}],"wp:featuredmedia":[{"embeddable":true,"href":"https:\/\/www.teatrodelbicentenariosanjuan.org\/en\/wp-json\/wp\/v2\/media\/20529"}],"wp:attachment":[{"href":"https:\/\/www.teatrodelbicentenariosanjuan.org\/en\/wp-json\/wp\/v2\/media?parent=20528"}],"wp:term":[{"taxonomy":"category","embeddable":true,"href":"https:\/\/www.teatrodelbicentenariosanjuan.org\/en\/wp-json\/wp\/v2\/categories?post=20528"},{"taxonomy":"post_tag","embeddable":true,"href":"https:\/\/www.teatrodelbicentenariosanjuan.org\/en\/wp-json\/wp\/v2\/tags?post=20528"}],"curies":[{"name":"wp","href":"https:\/\/api.w.org\/{rel}","templated":true}]}}