{"id":20946,"date":"2020-10-06T11:23:14","date_gmt":"2020-10-06T14:23:14","guid":{"rendered":"https:\/\/www.teatrodelbicentenariosanjuan.org\/?p=20946"},"modified":"2020-10-06T11:23:14","modified_gmt":"2020-10-06T14:23:14","slug":"se-viene-encuentro-en-crudo-mover-la-danza-en-tiempos-de-pandemia","status":"publish","type":"post","link":"https:\/\/www.teatrodelbicentenariosanjuan.org\/en\/novedades\/se-viene-encuentro-en-crudo-mover-la-danza-en-tiempos-de-pandemia\/","title":{"rendered":"Se viene \u201cEncuentro en Crudo: Mover la danza en tiempos de pandemia\u201d"},"content":{"rendered":"<p>Este festival virtual de danza independiente surge en el marco del Acuerdo San Juan. Se desarrollar\u00e1 de forma gratuita el 9 y 10 de octubre.<\/p>\n<p>Con motivo de celebrarse el<strong>\u00a0D\u00eda Nacional de la Danza el 10 de octubre,\u00a0<\/strong>se llevar\u00e1 a cabo el<strong>\u00a0Festival Virtual de Danza Independiente titulado \u201cEncuentro en Crudo: mover la danza en tiempos de pandemia\u201d.<\/strong><\/p>\n<p>Esta celebraci\u00f3n especial se conmemora en homenaje a nueve bailarines del elenco estable del Teatro Col\u00f3n, quienes un 10 de octubre de 1971 perdieron la vida al accidentarse el acci\u00f3n que los llevaba a presentarse en Trelew, provincia de Chubut.<\/p>\n<p>\u201cEncuentro en Crudo\u201d es una respuesta concreta a las problem\u00e1ticas y necesidades planteadas por el \u00e1rea danza en la Mesa de Di\u00e1logo coordinada por la secretaria de Cultura, Virginia Agote, e impulsada en el marco del\u00a0<strong>Acuerdo San Juan.<\/strong><\/p>\n<p>Este encuentro virtual surge de la Asociaci\u00f3n Sanjuanina de Bailarines, Profesores de Danza y Afines, con la colaboraci\u00f3n del MFD &#8211; Movimiento Federal de Danza- y cuenta con el apoyo del Ministerio de Turismo y Cultura.<\/p>\n<p>El Teatro del Bicentenario ser\u00e1 la sede virtual de \u201cEncuentro en Crudo\u201d que dispondr\u00e1 de espacios, equipamiento y el apoyo t\u00e9cnico.\u00a0<strong>Se desarrollar\u00e1 el 9 y 10 de octubre.<\/strong>\u00a0Incluir\u00e1 clases, obras y charlas, abiertas y gratuitas dirigidas a toda la comunidad, con especial foco al sector de la danza independiente.<\/p>\n<p>Cabe destacar, que las clases ser\u00e1n desarrolladas en v\u00ednculo entre dos o m\u00e1s hacedores seleccionados por la Asociaci\u00f3n Sanjuanina de Bailarines, Profesores de Danza y Afines, fortaleciendo las subjetividades y articulando las partes para que los materiales que se desplieguen resulten a\u00fan m\u00e1s potentes.<\/p>\n<p>Las charlas y conversatorios se llevar\u00e1n a cabo a trav\u00e9s de la plataforma de\u00a0<a href=\"https:\/\/www.youtube.com\/channel\/UCcfAFZqGGAMZ2-WmTXotyDA\">Youtube del Ministerio de Turismo y Cultura<\/a>; mientras que quienes deseen tomar las clases, deber\u00e1n inscribirse gratuitamente completando el siguiente formulario en\u00a0<a href=\"https:\/\/n9.cl\/o1hd9\">https:\/\/n9.cl\/o1hd9<\/a>. Por \u00faltimo, las obras se difundir\u00e1n en el canal oficial de la Asociaci\u00f3n Hacedores Independientes de Danza.<\/p>\n<h2>Comisiones de Producci\u00f3n del Festival- Asociaci\u00f3n Hacedores Independientes de Danza<\/h2>\n<p>Responsable: Mar\u00eda Julia De Nardi<\/p>\n<p>Equipo Comunicaci\u00f3n: Flavia Moncunill \/ Martina Rosalez \/ Jose Alcober<\/p>\n<p>Equipo T\u00e9cnico: Elisa Jaime \/ Laura Gonz\u00e1lez \/ Fatima Rodriguez<\/p>\n<p>Equipo Log\u00edstica: Florencia Arce \/ Debora Cereceda \/ Mercedes Claudeville \/ Cristian Gonzalez<\/p>\n<p><strong>Conoc\u00e9 el cronograma del festival ingresando\u00a0<a href=\"file:\/\/\/C:\/Users\/Eric\/Downloads\/CRONOGRAMA%20Y%20DATOS%20clases%20_obras_conversatorios.pdf\">aqu\u00ed.<\/a><\/strong><\/p>","protected":false},"excerpt":{"rendered":"<p>Este festival virtual de danza independiente surge en el marco del Acuerdo San Juan. Se desarrollar\u00e1 de forma gratuita el 9 y 10 de octubre. Con motivo de celebrarse el\u00a0D\u00eda Nacional de la Danza el 10 de octubre,\u00a0se llevar\u00e1 a cabo el\u00a0Festival Virtual de Danza&#8230;<\/p>","protected":false},"author":4,"featured_media":20947,"comment_status":"closed","ping_status":"closed","sticky":false,"template":"","format":"standard","meta":{"h5ap_radio_sources":[],"footnotes":""},"categories":[99],"tags":[],"class_list":["post-20946","post","type-post","status-publish","format-standard","has-post-thumbnail","hentry","category-novedades"],"_links":{"self":[{"href":"https:\/\/www.teatrodelbicentenariosanjuan.org\/en\/wp-json\/wp\/v2\/posts\/20946","targetHints":{"allow":["GET"]}}],"collection":[{"href":"https:\/\/www.teatrodelbicentenariosanjuan.org\/en\/wp-json\/wp\/v2\/posts"}],"about":[{"href":"https:\/\/www.teatrodelbicentenariosanjuan.org\/en\/wp-json\/wp\/v2\/types\/post"}],"author":[{"embeddable":true,"href":"https:\/\/www.teatrodelbicentenariosanjuan.org\/en\/wp-json\/wp\/v2\/users\/4"}],"replies":[{"embeddable":true,"href":"https:\/\/www.teatrodelbicentenariosanjuan.org\/en\/wp-json\/wp\/v2\/comments?post=20946"}],"version-history":[{"count":1,"href":"https:\/\/www.teatrodelbicentenariosanjuan.org\/en\/wp-json\/wp\/v2\/posts\/20946\/revisions"}],"predecessor-version":[{"id":20948,"href":"https:\/\/www.teatrodelbicentenariosanjuan.org\/en\/wp-json\/wp\/v2\/posts\/20946\/revisions\/20948"}],"wp:featuredmedia":[{"embeddable":true,"href":"https:\/\/www.teatrodelbicentenariosanjuan.org\/en\/wp-json\/wp\/v2\/media\/20947"}],"wp:attachment":[{"href":"https:\/\/www.teatrodelbicentenariosanjuan.org\/en\/wp-json\/wp\/v2\/media?parent=20946"}],"wp:term":[{"taxonomy":"category","embeddable":true,"href":"https:\/\/www.teatrodelbicentenariosanjuan.org\/en\/wp-json\/wp\/v2\/categories?post=20946"},{"taxonomy":"post_tag","embeddable":true,"href":"https:\/\/www.teatrodelbicentenariosanjuan.org\/en\/wp-json\/wp\/v2\/tags?post=20946"}],"curies":[{"name":"wp","href":"https:\/\/api.w.org\/{rel}","templated":true}]}}