{"id":21194,"date":"2020-11-05T11:36:04","date_gmt":"2020-11-05T14:36:04","guid":{"rendered":"https:\/\/www.teatrodelbicentenariosanjuan.org\/?p=21194"},"modified":"2020-11-05T11:36:04","modified_gmt":"2020-11-05T14:36:04","slug":"las-letras-corporeas-del-tb-tienen-nuevo-diseno","status":"publish","type":"post","link":"https:\/\/www.teatrodelbicentenariosanjuan.org\/en\/novedades\/las-letras-corporeas-del-tb-tienen-nuevo-diseno\/","title":{"rendered":"Las letras corp\u00f3reas del  TB tienen nuevo dise\u00f1o"},"content":{"rendered":"<p>En el mes aniversario del TB, las letras ic\u00f3nicas del teatro fueron intervenidas con el leitmotiv de los dise\u00f1os originales de la \u00f3pera \u00a0\u201cLa Flauta M\u00e1gica\u201d, creados por Eugenio Zanetti \u00a0para el Teatro del Bicentenario en el 2019.<\/p>\n<p>En el \u00a0a\u00f1o 2017, primer aniversario del teatro, se emplazaron estrat\u00e9gicamente las letras corp\u00f3reas que identifican al polo cultural sanjuanino, convirti\u00e9ndose en s\u00ed mismas, en un \u00edcono de la ciudad, punto de encuentro y marco ideal para fotograf\u00edas.<\/p>\n<p>Cada a\u00f1o, y como parte de las actividades conmemorativas durante el mes Aniversario del Teatro, las letras corp\u00f3reas se intervienen sistem\u00e1ticamente, dejando plasmada la historia y los recorridos art\u00edsticos que el teatro va trazando \u00a0a\u00f1o tras a\u00f1o como legado a la cultura de San Juan.<\/p>\n<p>Para este cuarto aniversario, el Teatro del Bicentenario convoc\u00f3 a algunos de los artistas- realizadores que participaron del taller de pintura esc\u00e9nica de telones que, dirigidos por Gunnar Ahmer, dieron vida a los telones\u00a0 de la puesta en escena original de la \u00f3pera\u00a0 \u201cLa Flauta M\u00e1gica\u201d de Eugenio Zanetti.<\/p>\n<p>\u00a0Bajo la gu\u00eda- virtual- del maestro Gunnar Ahmer y con el dise\u00f1o\u00a0 de Jorge Moreno, los artistas tomaron como punto de partida la paleta de colores y dise\u00f1o de los telones realizados en el 2019. En su ejecuci\u00f3n y desarrollo participaron los artistas y pintores esc\u00e9nicos Renzo Mart\u00edn, Gabriela Rosales y Jorge Moreno, bajo la supervisi\u00f3n del arquitecto Cristian Guajardo, director T\u00e9cnico Operativo del TB.<\/p>\n<p>Con la t\u00e9cnica de pintura en l\u00e1tex de acabado mate y utilizando pistola aerogr\u00e1fica, se proyectaron im\u00e1genes en las piezas intervenidas, para ser traspasadas en carbonilla y remarcadas con pintura, luego se pintaron a \u00a0pincel una serie de texturas y gr\u00e1ficas con el dise\u00f1o inspirado en los telones originales de Zanetti. Finalmente se coloc\u00f3 una capa de imprimante para protecci\u00f3n.<\/p>\n<p>La magia de la Flauta M\u00e1gica seguir\u00e1 presente en el TB en sus letras corp\u00f3reas por un a\u00f1o m\u00e1s, dando testimonio fiel del superador desaf\u00edo art\u00edstico y t\u00e9cnico que la monumental obra de Mozart significan.<\/p>","protected":false},"excerpt":{"rendered":"<p>En el mes aniversario del TB, las letras ic\u00f3nicas del teatro fueron intervenidas con el leitmotiv de los dise\u00f1os originales de la \u00f3pera \u00a0\u201cLa Flauta M\u00e1gica\u201d, creados por Eugenio Zanetti \u00a0para el Teatro del Bicentenario en el 2019. En el \u00a0a\u00f1o 2017, primer aniversario del&#8230;<\/p>","protected":false},"author":4,"featured_media":21195,"comment_status":"closed","ping_status":"closed","sticky":false,"template":"","format":"standard","meta":{"h5ap_radio_sources":[],"footnotes":""},"categories":[99],"tags":[],"class_list":["post-21194","post","type-post","status-publish","format-standard","has-post-thumbnail","hentry","category-novedades"],"_links":{"self":[{"href":"https:\/\/www.teatrodelbicentenariosanjuan.org\/en\/wp-json\/wp\/v2\/posts\/21194","targetHints":{"allow":["GET"]}}],"collection":[{"href":"https:\/\/www.teatrodelbicentenariosanjuan.org\/en\/wp-json\/wp\/v2\/posts"}],"about":[{"href":"https:\/\/www.teatrodelbicentenariosanjuan.org\/en\/wp-json\/wp\/v2\/types\/post"}],"author":[{"embeddable":true,"href":"https:\/\/www.teatrodelbicentenariosanjuan.org\/en\/wp-json\/wp\/v2\/users\/4"}],"replies":[{"embeddable":true,"href":"https:\/\/www.teatrodelbicentenariosanjuan.org\/en\/wp-json\/wp\/v2\/comments?post=21194"}],"version-history":[{"count":1,"href":"https:\/\/www.teatrodelbicentenariosanjuan.org\/en\/wp-json\/wp\/v2\/posts\/21194\/revisions"}],"predecessor-version":[{"id":21196,"href":"https:\/\/www.teatrodelbicentenariosanjuan.org\/en\/wp-json\/wp\/v2\/posts\/21194\/revisions\/21196"}],"wp:featuredmedia":[{"embeddable":true,"href":"https:\/\/www.teatrodelbicentenariosanjuan.org\/en\/wp-json\/wp\/v2\/media\/21195"}],"wp:attachment":[{"href":"https:\/\/www.teatrodelbicentenariosanjuan.org\/en\/wp-json\/wp\/v2\/media?parent=21194"}],"wp:term":[{"taxonomy":"category","embeddable":true,"href":"https:\/\/www.teatrodelbicentenariosanjuan.org\/en\/wp-json\/wp\/v2\/categories?post=21194"},{"taxonomy":"post_tag","embeddable":true,"href":"https:\/\/www.teatrodelbicentenariosanjuan.org\/en\/wp-json\/wp\/v2\/tags?post=21194"}],"curies":[{"name":"wp","href":"https:\/\/api.w.org\/{rel}","templated":true}]}}