{"id":21213,"date":"2020-11-06T10:59:03","date_gmt":"2020-11-06T13:59:03","guid":{"rendered":"https:\/\/www.teatrodelbicentenariosanjuan.org\/?p=21213"},"modified":"2020-11-06T10:59:03","modified_gmt":"2020-11-06T13:59:03","slug":"ultimas-horas-para-formar-parte-de-beethoven-danza","status":"publish","type":"post","link":"https:\/\/www.teatrodelbicentenariosanjuan.org\/en\/novedades\/ultimas-horas-para-formar-parte-de-beethoven-danza\/","title":{"rendered":"\u00daltimas horas para formar parte de Beethoven Danza"},"content":{"rendered":"<p>Este viernes 6 de noviembre cierra la convocatoria destinada a int\u00e9rpretes del movimiento.<\/p>\n<p>La convocatoria\u00a0<strong>Beethoven Danza<\/strong>\u00a0est\u00e1 llegando a su fin ya que\u00a0<strong>termina este viernes 6 de noviembre<\/strong>. En este marco, los artistas interesados deber\u00e1n presentar una propuesta art\u00edstica in\u00e9dita que involucre la danza y el movimiento utilizando la obra musical de Beethoven.<\/p>\n<p>Una vez realizada la selecci\u00f3n, el Teatro del Bicentenario realizar\u00e1 la producci\u00f3n escenot\u00e9cnica y registro audiovisual de los int\u00e9rpretes elegidos y de sus obras. As\u00ed,\u00a0<strong>las producciones seleccionadas ser\u00e1n registradas<\/strong>\u00a0en el Teatro del Bicentenario y difundidas en las redes sociales del TB y de la Fundaci\u00f3n Instituto Alem\u00e1n.<\/p>\n<p>De esta manera, con motivo de conmemorarse el 250\u00ba aniversario del nacimiento del gran compositor alem\u00e1n en diciembre pr\u00f3ximo, el Ministerio de Turismo y Cultura, a trav\u00e9s del Teatro del Bicentenario y la Fundaci\u00f3n del Instituto Alem\u00e1n, llevar\u00e1n a cabo un\u00a0<strong>homenaje<\/strong>\u00a0a dicho compositor.<\/p>\n<p>Esta convocatoria est\u00e1\u00a0<strong>destinada a int\u00e9rpretes del movimiento<\/strong>\u00a0como bailarines, estudiantes de danza, y artistas- creadores del movimiento.<\/p>\n<h2>Categor\u00edas de la convocatoria<\/h2>\n<h3>Categor\u00eda \u201cTeen\u201d (de 16 a 21 a\u00f1os)<\/h3>\n<ul>\n<li>Modalidad \u201cSolo\u201d: 3 (tres) premios est\u00edmulos de $ 10.000<\/li>\n<li>Modalidad \u201cD\u00faos y tr\u00edos\u201d: 2 (dos) premios est\u00edmulos de 15.000<\/li>\n<\/ul>\n<h3>Categor\u00eda \u201cJung\u201d (de 22 a 35 a\u00f1os)<\/h3>\n<ul>\n<li>Modalidad \u201cSolo\u201d: 2 (dos) premios est\u00edmulos de $ 14.000<\/li>\n<li>Modalidad \u201cD\u00faos y tr\u00edos\u201d: 2 (dos) premios est\u00edmulos de $ 21.000<\/li>\n<\/ul>\n<p><strong>Informes e inscripciones<\/strong>\u00a0en el\u00a0<a href=\"https:\/\/www.teatrodelbicentenariosanjuan.org\/\" target=\"_blank\" rel=\"noopener noreferrer\">sitio web del Teatro del Bicentenario<\/a>.<\/p>","protected":false},"excerpt":{"rendered":"<p>Este viernes 6 de noviembre cierra la convocatoria destinada a int\u00e9rpretes del movimiento. La convocatoria\u00a0Beethoven Danza\u00a0est\u00e1 llegando a su fin ya que\u00a0termina este viernes 6 de noviembre. En este marco, los artistas interesados deber\u00e1n presentar una propuesta art\u00edstica in\u00e9dita que involucre la danza y el&#8230;<\/p>","protected":false},"author":4,"featured_media":20832,"comment_status":"closed","ping_status":"closed","sticky":false,"template":"","format":"standard","meta":{"h5ap_radio_sources":[],"footnotes":""},"categories":[99],"tags":[],"class_list":["post-21213","post","type-post","status-publish","format-standard","has-post-thumbnail","hentry","category-novedades"],"_links":{"self":[{"href":"https:\/\/www.teatrodelbicentenariosanjuan.org\/en\/wp-json\/wp\/v2\/posts\/21213","targetHints":{"allow":["GET"]}}],"collection":[{"href":"https:\/\/www.teatrodelbicentenariosanjuan.org\/en\/wp-json\/wp\/v2\/posts"}],"about":[{"href":"https:\/\/www.teatrodelbicentenariosanjuan.org\/en\/wp-json\/wp\/v2\/types\/post"}],"author":[{"embeddable":true,"href":"https:\/\/www.teatrodelbicentenariosanjuan.org\/en\/wp-json\/wp\/v2\/users\/4"}],"replies":[{"embeddable":true,"href":"https:\/\/www.teatrodelbicentenariosanjuan.org\/en\/wp-json\/wp\/v2\/comments?post=21213"}],"version-history":[{"count":1,"href":"https:\/\/www.teatrodelbicentenariosanjuan.org\/en\/wp-json\/wp\/v2\/posts\/21213\/revisions"}],"predecessor-version":[{"id":21214,"href":"https:\/\/www.teatrodelbicentenariosanjuan.org\/en\/wp-json\/wp\/v2\/posts\/21213\/revisions\/21214"}],"wp:featuredmedia":[{"embeddable":true,"href":"https:\/\/www.teatrodelbicentenariosanjuan.org\/en\/wp-json\/wp\/v2\/media\/20832"}],"wp:attachment":[{"href":"https:\/\/www.teatrodelbicentenariosanjuan.org\/en\/wp-json\/wp\/v2\/media?parent=21213"}],"wp:term":[{"taxonomy":"category","embeddable":true,"href":"https:\/\/www.teatrodelbicentenariosanjuan.org\/en\/wp-json\/wp\/v2\/categories?post=21213"},{"taxonomy":"post_tag","embeddable":true,"href":"https:\/\/www.teatrodelbicentenariosanjuan.org\/en\/wp-json\/wp\/v2\/tags?post=21213"}],"curies":[{"name":"wp","href":"https:\/\/api.w.org\/{rel}","templated":true}]}}